{"id":186885,"date":"2020-01-22T15:10:49","date_gmt":"2020-01-22T18:10:49","guid":{"rendered":"https:\/\/www.redenoticia.com.br\/noticia\/?p=186885"},"modified":"2020-01-22T18:46:35","modified_gmt":"2020-01-22T21:46:35","slug":"novela-amor-de-mae-ryan-ouve-lurdes-confessar-crime","status":"publish","type":"post","link":"https:\/\/migracao.redenoticia.com.br\/noticia\/2020\/novela-amor-de-mae-ryan-ouve-lurdes-confessar-crime\/186885","title":{"rendered":"Novela &#8220;Amor de M\u00e3e&#8221;: Lurdes pede o apoio de Janu\u00e1rio"},"content":{"rendered":"<p><img loading=\"lazy\" decoding=\"async\" src=\"https:\/\/migracao.redenoticia.com.br\/noticia\/imagens\/amor-de-mae-logo-1-300x300.jpg\" alt=\"\" width=\"300\" height=\"300\" class=\"aligncenter size-large wp-image-185080\" srcset=\"https:\/\/migracao.redenoticia.com.br\/noticia\/imagens\/amor-de-mae-logo-1-300x300.jpg 300w, https:\/\/migracao.redenoticia.com.br\/noticia\/imagens\/amor-de-mae-logo-1-187x187.jpg 187w, https:\/\/migracao.redenoticia.com.br\/noticia\/imagens\/amor-de-mae-logo-1-150x150.jpg 150w, https:\/\/migracao.redenoticia.com.br\/noticia\/imagens\/amor-de-mae-logo-1-140x140.jpg 140w, https:\/\/migracao.redenoticia.com.br\/noticia\/imagens\/amor-de-mae-logo-1-85x85.jpg 85w, https:\/\/migracao.redenoticia.com.br\/noticia\/imagens\/amor-de-mae-logo-1.jpg 583w\" sizes=\"auto, (max-width: 300px) 100vw, 300px\" \/> <strong><em>Novela &#8220;Amor de M\u00e3e&#8221;<\/em><\/strong>: Ryan (Thiago Martins) \u00e9 convidado a participar do programa do Luciano Huck. Lurdes (Regina Cas\u00e9) acompanha o filho e Luciano a surpreende com uma liga\u00e7\u00e3o para Janu\u00e1rio, o irm\u00e3o de Jandir (Daniel Ribeiro), pai de Ryan. Logo depois, Janu\u00e1rio aparece na casa de Lurdes e \u00c9rica (Nanda Costa) comemora: &#8220;Tio, o senhor \u00e9 a primeira pessoa da fam\u00edlia que a gente conhece. Eu s\u00f3 vi meu pai por foto, porque, logo depois que a gente veio para o Rio, ele morreu. Eu era beb\u00ea&#8221;.<\/p>\n<p>A s\u00f3s com Lurdes, Janu\u00e1rio pressiona: &#8220;Lurdes. Voc\u00ea vai me falar o que aconteceu? Jandir foi encontrado morto dentro da casa toda fechada. O povo de Malaquitas acha que voc\u00ea matou meu irm\u00e3o, mas eu nunca acreditei&#8221;. Lurdes confessa: &#8220;O povo est\u00e1 certo, Janu\u00e1rio&#8221;. Ela conta os detalhes e pede o apoio de Janu\u00e1rio. <\/p>\n<p>Ryan ouve toda a conversa e conta para \u00c9rica: &#8220;Eu fui pegar uma \u00e1gua e ouvi uma conversa da nossa m\u00e3e com o tio Janu\u00e1rio. O Dom\u00eanico n\u00e3o foi roubado, \u00c9rica. Ele foi vendido pelo nosso pai &#8230; E pior que isso. O nosso pai n\u00e3o morreu em uma briga de bar. Ele atacou nossa m\u00e3e, ela reagiu e, para se defender, matou ele &#8230; Parece que ele aproveitou quando voc\u00ea nasceu e vendeu Dom\u00eanico para aquela traficante de crian\u00e7a. \u00c9rica, nosso pai era um monstro!&#8221;. \u00c9rica deduz: &#8220;Coitada da minha m\u00e3e. A vida dela foi ainda pior do que a gente imaginou&#8221;. Cena prevista para dia 13 de janeiro na novela \u201cAmor de M\u00e3e\u201d. <\/p>\n<p>&#8220;Amor de M\u00e3e&#8221;: Tr\u00eas mulheres de classes sociais diferentes vivem seus dilemas como m\u00e3es: Lurdes (Regina Cas\u00e9) \u00e9 uma mulher nordestina batalhadora, que teve quatro filhos: Magno (Juliano Cazarr\u00e9), \u00c9rica (Nanda Costa), Ryan (Thiago Martins) e Dom\u00eanico (Humberto Carr\u00e3o) \u2013 vendido aos 2 anos escondido pelo seu ex-marido para a traficante de crian\u00e7as K\u00e1tia (Vera Holtz). Sabendo que ele foi enviado para Rio de Janeiro, ela partiu para l\u00e1 com os filhos em 1993 e, no caminho, encontrou uma rec\u00e9m-nascida abandonada, Camila (J\u00e9ssica Ellen), a quem decide criar.<\/p>\n<p>Lourdes \u00e9 amiga de Thelma (Adriana Esteves), uma vi\u00fava que perdeu o marido em um inc\u00eandio e desde ent\u00e3o passou a superproteger o filho, Danilo (Chay Suede). Vit\u00f3ria (Ta\u00eds Ara\u00fajo) \u00e9 uma advogada rica, mas infeliz por acreditar ser est\u00e9ril. Ela adota Tiago (Pedro Guilherme Rodrigues) e contrata Lurdes como bab\u00e1, mas fica gr\u00e1vida ap\u00f3s um encontro com o ambientalista Davi (Vladimir Brichta).<\/p>\n","protected":false},"excerpt":{"rendered":"<p>Novela &#8220;Amor de M\u00e3e&#8221;: Ryan (Thiago Martins) \u00e9 convidado a participar do programa do Luciano Huck. Lurdes (Regina Cas\u00e9) acompanha o filho e Luciano a surpreende com uma liga\u00e7\u00e3o para Janu\u00e1rio, o irm\u00e3o de Jandir (Daniel Ribeiro), pai de Ryan. Logo depois, Janu\u00e1rio aparece na casa de Lurdes e \u00c9rica (Nanda Costa) comemora: &#8220;Tio, o [&hellip;]<\/p>\n","protected":false},"author":5,"featured_media":185025,"comment_status":"open","ping_status":"closed","sticky":false,"template":"","format":"standard","meta":{"tdm_status":"","tdm_grid_status":"","footnotes":""},"categories":[550,388,379,375,343],"tags":[440],"class_list":{"0":"post-186885","1":"post","2":"type-post","3":"status-publish","4":"format-standard","5":"has-post-thumbnail","7":"category-amor-de-mae","8":"category-destaques","9":"category-novelas","10":"category-rede-globo","11":"category-televisao","12":"tag-noticia-novela"},"_links":{"self":[{"href":"https:\/\/migracao.redenoticia.com.br\/noticia\/wp-json\/wp\/v2\/posts\/186885","targetHints":{"allow":["GET"]}}],"collection":[{"href":"https:\/\/migracao.redenoticia.com.br\/noticia\/wp-json\/wp\/v2\/posts"}],"about":[{"href":"https:\/\/migracao.redenoticia.com.br\/noticia\/wp-json\/wp\/v2\/types\/post"}],"author":[{"embeddable":true,"href":"https:\/\/migracao.redenoticia.com.br\/noticia\/wp-json\/wp\/v2\/users\/5"}],"replies":[{"embeddable":true,"href":"https:\/\/migracao.redenoticia.com.br\/noticia\/wp-json\/wp\/v2\/comments?post=186885"}],"version-history":[{"count":0,"href":"https:\/\/migracao.redenoticia.com.br\/noticia\/wp-json\/wp\/v2\/posts\/186885\/revisions"}],"wp:featuredmedia":[{"embeddable":true,"href":"https:\/\/migracao.redenoticia.com.br\/noticia\/wp-json\/wp\/v2\/media\/185025"}],"wp:attachment":[{"href":"https:\/\/migracao.redenoticia.com.br\/noticia\/wp-json\/wp\/v2\/media?parent=186885"}],"wp:term":[{"taxonomy":"category","embeddable":true,"href":"https:\/\/migracao.redenoticia.com.br\/noticia\/wp-json\/wp\/v2\/categories?post=186885"},{"taxonomy":"post_tag","embeddable":true,"href":"https:\/\/migracao.redenoticia.com.br\/noticia\/wp-json\/wp\/v2\/tags?post=186885"}],"curies":[{"name":"wp","href":"https:\/\/api.w.org\/{rel}","templated":true}]}}