{"id":1869,"date":"2009-05-21T11:51:23","date_gmt":"2009-05-21T15:51:23","guid":{"rendered":"http:\/\/www.redenoticia.com.br\/noticia\/?p=1869"},"modified":"2009-05-21T13:14:43","modified_gmt":"2009-05-21T17:14:43","slug":"helicoptero-do-ibama-sai-de-rondonia-para-socorrer-pantanal","status":"publish","type":"post","link":"https:\/\/migracao.redenoticia.com.br\/noticia\/2009\/helicoptero-do-ibama-sai-de-rondonia-para-socorrer-pantanal\/1869","title":{"rendered":"Helic\u00f3ptero do IBAMA sai de Rond\u00f4nia para socorrer Pantanal"},"content":{"rendered":"<p><span style=\"font-size: 9pt; font-family: Arial; color: black;\">As queimadas no Pantanal j\u00e1 representam risco cr\u00edtico. S\u00e3o 82 focos dentro de Corumb\u00e1, segundo o Minist\u00e9rio de Ci\u00eancias e Tecnologia e na tarde de hoje um helic\u00f3ptero do Ibama (Instituto Brasileiro de Meio Ambiente e dos Recursos Naturais Renov\u00e1veis) deixa Rond\u00f4nia e chega ao munic\u00edpio para ajudar no combate \u00e0 propaga\u00e7\u00e3o do fogo. Com capacidade para 500 litros de \u00e1gua, o helic\u00f3ptero utilizar\u00e1 \u00e1gua do rio e dos lagos para barrar o fogo no Pantanal. <\/span><\/p>\n<p class=\"MsoNormal\"><span style=\"font-family: Arial;\"> <\/span><\/p>\n<p class=\"MsoNormal\"><span style=\"font-family: Arial;\">Fonte correiodoestado<\/span><\/p>\n","protected":false},"excerpt":{"rendered":"<p>As queimadas no Pantanal j\u00e1 representam risco cr\u00edtico. S\u00e3o 82 focos dentro de Corumb\u00e1, segundo o Minist\u00e9rio de Ci\u00eancias e Tecnologia e na tarde de hoje um helic\u00f3ptero do Ibama (Instituto Brasileiro de Meio Ambiente e dos Recursos Naturais Renov\u00e1veis) deixa Rond\u00f4nia e chega ao munic\u00edpio para ajudar no combate \u00e0 propaga\u00e7\u00e3o do fogo. Com [&hellip;]<\/p>\n","protected":false},"author":3,"featured_media":0,"comment_status":"open","ping_status":"open","sticky":false,"template":"","format":"standard","meta":{"tdm_status":"","tdm_grid_status":"","footnotes":""},"categories":[22],"tags":[],"class_list":{"0":"post-1869","1":"post","2":"type-post","3":"status-publish","4":"format-standard","6":"category-brasil"},"_links":{"self":[{"href":"https:\/\/migracao.redenoticia.com.br\/noticia\/wp-json\/wp\/v2\/posts\/1869","targetHints":{"allow":["GET"]}}],"collection":[{"href":"https:\/\/migracao.redenoticia.com.br\/noticia\/wp-json\/wp\/v2\/posts"}],"about":[{"href":"https:\/\/migracao.redenoticia.com.br\/noticia\/wp-json\/wp\/v2\/types\/post"}],"author":[{"embeddable":true,"href":"https:\/\/migracao.redenoticia.com.br\/noticia\/wp-json\/wp\/v2\/users\/3"}],"replies":[{"embeddable":true,"href":"https:\/\/migracao.redenoticia.com.br\/noticia\/wp-json\/wp\/v2\/comments?post=1869"}],"version-history":[{"count":0,"href":"https:\/\/migracao.redenoticia.com.br\/noticia\/wp-json\/wp\/v2\/posts\/1869\/revisions"}],"wp:attachment":[{"href":"https:\/\/migracao.redenoticia.com.br\/noticia\/wp-json\/wp\/v2\/media?parent=1869"}],"wp:term":[{"taxonomy":"category","embeddable":true,"href":"https:\/\/migracao.redenoticia.com.br\/noticia\/wp-json\/wp\/v2\/categories?post=1869"},{"taxonomy":"post_tag","embeddable":true,"href":"https:\/\/migracao.redenoticia.com.br\/noticia\/wp-json\/wp\/v2\/tags?post=1869"}],"curies":[{"name":"wp","href":"https:\/\/api.w.org\/{rel}","templated":true}]}}