{"id":186911,"date":"2020-01-07T12:15:37","date_gmt":"2020-01-07T15:15:37","guid":{"rendered":"https:\/\/www.redenoticia.com.br\/noticia\/?p=186911"},"modified":"2020-01-07T12:15:37","modified_gmt":"2020-01-07T15:15:37","slug":"resumo-novela-abismo-de-paixao-08-01-gael-descobre-que-paloma-vai-se-casar-com-henrique","status":"publish","type":"post","link":"https:\/\/migracao.redenoticia.com.br\/noticia\/2020\/resumo-novela-abismo-de-paixao-08-01-gael-descobre-que-paloma-vai-se-casar-com-henrique\/186911","title":{"rendered":"Resumo novela \u201cAbismo de Paix\u00e3o\u201d 08\/01: Gael descobre que Paloma vai se casar com Henrique"},"content":{"rendered":"<p><img loading=\"lazy\" decoding=\"async\" class=\"aligncenter size-large wp-image-181127\" src=\"https:\/\/migracao.redenoticia.com.br\/noticia\/imagens\/abismo-de-paixao-sbt-resumo-327x300.jpg\" alt=\"\" width=\"327\" height=\"300\" srcset=\"https:\/\/migracao.redenoticia.com.br\/noticia\/imagens\/abismo-de-paixao-sbt-resumo-327x300.jpg 327w, https:\/\/migracao.redenoticia.com.br\/noticia\/imagens\/abismo-de-paixao-sbt-resumo-204x187.jpg 204w, https:\/\/migracao.redenoticia.com.br\/noticia\/imagens\/abismo-de-paixao-sbt-resumo.jpg 426w\" sizes=\"auto, (max-width: 327px) 100vw, 327px\" \/><\/p>\n<p><strong><em>Resumo da novela \u201cAbismo de Paix\u00e3o\u201d<\/em><\/strong> em 08\/01: no cap\u00edtulo 097(*) da novela, quarta-feira, 08 de janeiro, Dami\u00e3o chega a fazenda de Ramiro e o encontra ferido. Ingrid pede a Dami\u00e3o que diga que foi ele quem disparou, pois ela s\u00f3 estava se protegendo. Almerinda se surpreende quando Hor\u00e1cio diz que Ramiro tem guardado as passagens de avi\u00e3o que Rog\u00e9rio usaria para fugir com sua amante. Elisa, Gael e Edmundo chegam a fazenda de Ramiro. Ao ver Ramiro ferido, Elisa pergunta a Dami\u00e3o o que ele fez. Ingrid responde que como Ramiro estava muito violento, Dami\u00e3o disparou a arma contra ele. Almerinda pede a Hor\u00e1cio que tente se lembrar dos nomes que estavam nas passagens de avi\u00e3o. Hor\u00e1cio confessa a Almerinda que Carmem foi quem o pediu para recuperar as passagens de avi\u00e3o, e talvez Almerinda sempre esteve odiando a pessoa errada. Carmem diz ao Padre Lupe que acaba de descobrir que Gael \u00e9 o filho bastardo de Rog\u00e9rio. Ingrid pede \u00e1 Edmundo que deixe Ramiro morrer. Elisa visita Dami\u00e3o para agradec\u00ea-lo pelo que fez por Ingrid. Dami\u00e3o a diz que o fez para que nada atrapalhasse seu casamento com Gael, pois deseja que eles sejam muito felizes.<\/p>\n<p>Elisa responde que deseja a ele e a Flor\u00eancia o mesmo. Flor\u00eancia agradece Elisa por haver visitado Dami\u00e3o. Ele pede a Flor\u00eancia que n\u00e3o fa\u00e7a mais uma de suas cenas de ci\u00fame. Flor\u00eancia lamenta que Dami\u00e3o esteja preso e aceita cancelar o casamento, ainda que garanta que Almerinda faria de tudo para v\u00ea-los casados. Almerinda reclama com Hor\u00e1rio por ter tentando matar Ramiro. Hor\u00e1cio nega ter o feito. Gael pede ao Padre Lupe que permita que Ingrid durma em sua casa, j\u00e1 que por sua seguran\u00e7a, n\u00e3o pode voltar para a fazenda de Ramiro. Padre Lupe suplica para que Gael desista de seu casamento com Elisa, j\u00e1 que isso n\u00e3o \u00e9 o correto a se fazer. Paloma e Henrique comentam com Gael que se casar\u00e3o. Gael lembra a Paloma que ela o ama, mas Paloma responde ela tem o direito de ser feliz com outra pessoa. Carmem visita Ramiro no hospital e o pede que n\u00e3o morra. Ingrid pede a Edmundo que deixe Ramiro morrer, para que assim ela possa viver tranquila, mas Edmundo se nega a faz\u00ea-lo.<\/p>\n<p>(*) edi\u00e7\u00e3o do SBT, Novela \u201cAbismo de Paix\u00e3o\u201d, sujeito a altera\u00e7\u00e3o de data e conte\u00fado.<\/p>\n<p>&#8220;Abismo de Paix\u00e3o&#8221;- Augusto Casta\u00f1\u00f3n (Alejandro Camacho) e Estef\u00e2nia Bouvier de Casta\u00f1\u00f3n (Ludwika Paleta) s\u00e3o pais de Elisa (Angelique Boyer). Com eles vive Carmen Bouvier (Sabine Moussier), irm\u00e3 mais velha de Estef\u00e2nia e que vai fugir do povoado com Rog\u00e9rio Arango (C\u00e9sar \u00c9vora), esposo de Almerinda Arango (Blanca Guerra) e pai de Dami\u00e3o (David Zepeda), melhor amigo de Elisa. Almerinda descobre e alerta a Augusto.<\/p>\n<p>Por sua parte, Estef\u00e2nia tenta impedir Rog\u00e9rio a n\u00e3o abandonar sua fam\u00edlia, mas devido ao intemp\u00e9rie da chuva, ambos morrem em um acidente de carro. Carmem aproveita o fato para fazer Augusto acreditar que sua esposa era infiel. Augusto, por despeito, casa-se com Carmem, apesar de n\u00e3o estar apaixonado por ela e nem am\u00e1-la. Carmem est\u00e1 gr\u00e1vida de Rog\u00e9rio, mas mente para Augusto, dizendo que o filho \u00e9 dele. <\/p>\n<p>Querendo bater em Elisa, Carmem escorrega e cai na piscina da casa, causando morte s\u00fabita ao beb\u00ea. Por sua parte, Almerinda decide mandar a Dami\u00e3o para fora do povoado a estudar para separ\u00e1-lo de Elisa de quem \u00e9 muito amigo, amizade que ela n\u00e3o v\u00ea com bons olhos, ap\u00f3s inocentemente os dois fugirem juntos.<\/p>\n","protected":false},"excerpt":{"rendered":"<p>Resumo da novela \u201cAbismo de Paix\u00e3o\u201d em 08\/01: no cap\u00edtulo 097(*) da novela, quarta-feira, 08 de janeiro, Dami\u00e3o chega a fazenda de Ramiro e o encontra ferido. Ingrid pede a Dami\u00e3o que diga que foi ele quem disparou, pois ela s\u00f3 estava se protegendo. Almerinda se surpreende quando Hor\u00e1cio diz que Ramiro tem guardado as [&hellip;]<\/p>\n","protected":false},"author":4,"featured_media":181126,"comment_status":"open","ping_status":"closed","sticky":false,"template":"","format":"standard","meta":{"tdm_status":"","tdm_grid_status":"","footnotes":""},"categories":[379,372,343],"tags":[441],"class_list":{"0":"post-186911","1":"post","2":"type-post","3":"status-publish","4":"format-standard","5":"has-post-thumbnail","7":"category-novelas","8":"category-sbt","9":"category-televisao","10":"tag-resumo-do-dia"},"_links":{"self":[{"href":"https:\/\/migracao.redenoticia.com.br\/noticia\/wp-json\/wp\/v2\/posts\/186911","targetHints":{"allow":["GET"]}}],"collection":[{"href":"https:\/\/migracao.redenoticia.com.br\/noticia\/wp-json\/wp\/v2\/posts"}],"about":[{"href":"https:\/\/migracao.redenoticia.com.br\/noticia\/wp-json\/wp\/v2\/types\/post"}],"author":[{"embeddable":true,"href":"https:\/\/migracao.redenoticia.com.br\/noticia\/wp-json\/wp\/v2\/users\/4"}],"replies":[{"embeddable":true,"href":"https:\/\/migracao.redenoticia.com.br\/noticia\/wp-json\/wp\/v2\/comments?post=186911"}],"version-history":[{"count":0,"href":"https:\/\/migracao.redenoticia.com.br\/noticia\/wp-json\/wp\/v2\/posts\/186911\/revisions"}],"wp:featuredmedia":[{"embeddable":true,"href":"https:\/\/migracao.redenoticia.com.br\/noticia\/wp-json\/wp\/v2\/media\/181126"}],"wp:attachment":[{"href":"https:\/\/migracao.redenoticia.com.br\/noticia\/wp-json\/wp\/v2\/media?parent=186911"}],"wp:term":[{"taxonomy":"category","embeddable":true,"href":"https:\/\/migracao.redenoticia.com.br\/noticia\/wp-json\/wp\/v2\/categories?post=186911"},{"taxonomy":"post_tag","embeddable":true,"href":"https:\/\/migracao.redenoticia.com.br\/noticia\/wp-json\/wp\/v2\/tags?post=186911"}],"curies":[{"name":"wp","href":"https:\/\/api.w.org\/{rel}","templated":true}]}}