{"id":186913,"date":"2020-01-07T12:16:51","date_gmt":"2020-01-07T15:16:51","guid":{"rendered":"https:\/\/www.redenoticia.com.br\/noticia\/?p=186913"},"modified":"2020-01-07T12:16:51","modified_gmt":"2020-01-07T15:16:51","slug":"resumo-novela-meu-coracao-e-teu-08-01-isabela-nao-aceita-que-possa-ser-meia-irma-de-ana","status":"publish","type":"post","link":"https:\/\/migracao.redenoticia.com.br\/noticia\/2020\/resumo-novela-meu-coracao-e-teu-08-01-isabela-nao-aceita-que-possa-ser-meia-irma-de-ana\/186913","title":{"rendered":"Resumo novela \u201cMeu Cora\u00e7\u00e3o \u00e9 Teu\u201d 08\/01: Isabela n\u00e3o aceita que possa ser meia irm\u00e3 de Ana"},"content":{"rendered":"<p><img loading=\"lazy\" decoding=\"async\" src=\"https:\/\/migracao.redenoticia.com.br\/noticia\/imagens\/meu-coracao-e-teu-300x300.jpg\" alt=\"\" width=\"300\" height=\"300\" class=\"aligncenter size-large wp-image-183929\" srcset=\"https:\/\/migracao.redenoticia.com.br\/noticia\/imagens\/meu-coracao-e-teu-300x300.jpg 300w, https:\/\/migracao.redenoticia.com.br\/noticia\/imagens\/meu-coracao-e-teu-187x187.jpg 187w, https:\/\/migracao.redenoticia.com.br\/noticia\/imagens\/meu-coracao-e-teu-150x150.jpg 150w, https:\/\/migracao.redenoticia.com.br\/noticia\/imagens\/meu-coracao-e-teu-140x140.jpg 140w, https:\/\/migracao.redenoticia.com.br\/noticia\/imagens\/meu-coracao-e-teu-85x85.jpg 85w, https:\/\/migracao.redenoticia.com.br\/noticia\/imagens\/meu-coracao-e-teu.jpg 500w\" sizes=\"auto, (max-width: 300px) 100vw, 300px\" \/><\/p>\n<p><strong><em>Resumo da novela \u201cMeu Cora\u00e7\u00e3o \u00e9 Teu\u201d<\/em><\/strong> em 08\/01: no cap\u00edtulo 048(*) da novela, quarta-feira, 08 de janeiro, Fernando e Fanny d\u00e3o a Alicia o vestido que Ana havia feito para sua festa. Alicia, publicamente, agradece o carinho de Ana. Isabela se sente derrotada.Todos, menos Isabela, se divertem na festa. Yolanda diz a filha que a culpa por n\u00e3o integrar se a fam\u00edlia \u00e9 s\u00f3 dela. Alicia some da festa. Fernando e Ana procuram por ela em meio aos convidados e a encontram beijando Gustavo em um canto do sal\u00e3o. Jennifer e Nicolas decidem viajar no dia seguinte para preparar o casamento que os unir\u00e1 em menos de um m\u00eas. Isabela ouve Ana dizendo a Jennifer da possibilidade de Yolanda ser sua m\u00e3e. Jennifer se surpreende quando Ana a diz que Isabela poderia ser sua meia irm\u00e3.<\/p>\n<p>Jennifer a aconselha a fazer um exame de DNA. Isabela escuta e rejeita a possibilidade de Ana ser sua meia irm\u00e3. Ela vai at\u00e9 Yolanda para perguntar, mas a m\u00e3e diz que a outra filha que teve nasceu morta. Ao escutar isso, Isabela cria um plano para magoar Ana. Henrique se insinua para Fanny e ela fica desconcertada. Diego diz a Ana que sentiu ci\u00fames ao v\u00ea-la dan\u00e7ando com Fernando. Ana esclarece que n\u00e3o existe nada entre eles. Fanny pede a Ana que n\u00e3o diga nada a Fernando do que ocorreu com Henrique. Fanny diz a Ana que sente que o amor entre ela e Leon n\u00e3o \u00e9 o suficiente. Fernando diz a Bruno e Manuela que o assunto de terem uma barriga de aluguel \u00e9 uma quest\u00e3o muito delicada, e que \u00e9 necess\u00e1rio discutirem muito sobre o assunto.<\/p>\n<p>Isabela discute com Fernando, reclama que ele a ignora e ele, zangado, diz que prefere estar em qualquer lugar a estar com ela. Isabela se d\u00e1 conta que tem come\u00e7ado a odiar Fernando. Nando diz a seu pai que as coisas com Helena n\u00e3o caminham bem. Ele o diz que o filho deve estar consciente que ela pode, a qualquer momento, ter outra crise, e que ele n\u00e3o pode ser respons\u00e1vel por ela. Diego leva Ana para escalar uma montanha e ainda que ela tenha medo, decide se a viver essa aventura. Fernando decide passar um domingo em fam\u00edlia e desfrutar do dia junto a seus filhos.<\/p>\n<p>(*) edi\u00e7\u00e3o do SBT, Novela \u201cMeu Cora\u00e7\u00e3o \u00e9 Teu\u201d, sujeito a altera\u00e7\u00e3o de data e conte\u00fado.<\/p>\n<p>Novela \u201cMeu Cora\u00e7\u00e3o \u00e9 Teu\u201d: Ana Leal \u00e9 uma mulher alegre e otimista. Um desastre destr\u00f3i sua casa e Ana perde tudo o que tem. Fernando Lascur\u00e1in, um prestigiado empres\u00e1rio que se lembra com tristeza que h\u00e1 um ano morreu sua esposa. Fernando \u00e9 o pai de sete filhos: Fanny de 19 anos, Nando de 17 anos, Alicia de 14 anos, Sebasti\u00e3o de 11 anos, os g\u00eameos Alex e Guille de 8 anos e a pequena Luz de 4 anos. Estes sete \u201cpequenos\u201d se encarregaram de fazer a vida de dezenas de bab\u00e1s imposs\u00edvel, mas Fernando precisa urgentemente de uma bab\u00e1 que cuide de seus filhos.<\/p>\n<p>As necessidades e a vontade de se superar, levam Ana a buscar outro trabalho. Sua falta de experi\u00eancia, e sua educa\u00e7\u00e3o prec\u00e1ria complicam o processo de ela encontrar um trabalho est\u00e1vel. Mas o destino tem algo preparado a ela: por uma confus\u00e3o, Ana termina chegando \u00e0 mans\u00e3o Lascur\u00e1in sem saber que l\u00e1 encontrar\u00e1 tudo o que sempre sonhou.<\/p>\n","protected":false},"excerpt":{"rendered":"<p>Resumo da novela \u201cMeu Cora\u00e7\u00e3o \u00e9 Teu\u201d em 08\/01: no cap\u00edtulo 048(*) da novela, quarta-feira, 08 de janeiro, Fernando e Fanny d\u00e3o a Alicia o vestido que Ana havia feito para sua festa. Alicia, publicamente, agradece o carinho de Ana. Isabela se sente derrotada.Todos, menos Isabela, se divertem na festa. Yolanda diz a filha que [&hellip;]<\/p>\n","protected":false},"author":4,"featured_media":183928,"comment_status":"open","ping_status":"closed","sticky":false,"template":"","format":"standard","meta":{"tdm_status":"","tdm_grid_status":"","footnotes":""},"categories":[379,372,343],"tags":[441],"class_list":{"0":"post-186913","1":"post","2":"type-post","3":"status-publish","4":"format-standard","5":"has-post-thumbnail","7":"category-novelas","8":"category-sbt","9":"category-televisao","10":"tag-resumo-do-dia"},"_links":{"self":[{"href":"https:\/\/migracao.redenoticia.com.br\/noticia\/wp-json\/wp\/v2\/posts\/186913","targetHints":{"allow":["GET"]}}],"collection":[{"href":"https:\/\/migracao.redenoticia.com.br\/noticia\/wp-json\/wp\/v2\/posts"}],"about":[{"href":"https:\/\/migracao.redenoticia.com.br\/noticia\/wp-json\/wp\/v2\/types\/post"}],"author":[{"embeddable":true,"href":"https:\/\/migracao.redenoticia.com.br\/noticia\/wp-json\/wp\/v2\/users\/4"}],"replies":[{"embeddable":true,"href":"https:\/\/migracao.redenoticia.com.br\/noticia\/wp-json\/wp\/v2\/comments?post=186913"}],"version-history":[{"count":0,"href":"https:\/\/migracao.redenoticia.com.br\/noticia\/wp-json\/wp\/v2\/posts\/186913\/revisions"}],"wp:featuredmedia":[{"embeddable":true,"href":"https:\/\/migracao.redenoticia.com.br\/noticia\/wp-json\/wp\/v2\/media\/183928"}],"wp:attachment":[{"href":"https:\/\/migracao.redenoticia.com.br\/noticia\/wp-json\/wp\/v2\/media?parent=186913"}],"wp:term":[{"taxonomy":"category","embeddable":true,"href":"https:\/\/migracao.redenoticia.com.br\/noticia\/wp-json\/wp\/v2\/categories?post=186913"},{"taxonomy":"post_tag","embeddable":true,"href":"https:\/\/migracao.redenoticia.com.br\/noticia\/wp-json\/wp\/v2\/tags?post=186913"}],"curies":[{"name":"wp","href":"https:\/\/api.w.org\/{rel}","templated":true}]}}