{"id":186918,"date":"2020-01-07T12:21:04","date_gmt":"2020-01-07T15:21:04","guid":{"rendered":"https:\/\/www.redenoticia.com.br\/noticia\/?p=186918"},"modified":"2020-01-07T12:21:04","modified_gmt":"2020-01-07T15:21:04","slug":"resumo-novela-cumplices-de-um-resgate-08-01-pedro-descobre-que-fausto-roubava-flora","status":"publish","type":"post","link":"https:\/\/migracao.redenoticia.com.br\/noticia\/2020\/resumo-novela-cumplices-de-um-resgate-08-01-pedro-descobre-que-fausto-roubava-flora\/186918","title":{"rendered":"Resumo novela \u201cC\u00famplices de um Resgate\u201d 08\/01: Pedro descobre que Fausto roubava Flora"},"content":{"rendered":"<p><img loading=\"lazy\" decoding=\"async\" class=\"aligncenter size-large wp-image-164526\" src=\"https:\/\/migracao.redenoticia.com.br\/noticia\/imagens\/cumplices-de-um-resgate-001-316x300.jpg\" alt=\"\" width=\"316\" height=\"300\" srcset=\"https:\/\/migracao.redenoticia.com.br\/noticia\/imagens\/cumplices-de-um-resgate-001-316x300.jpg 316w, https:\/\/migracao.redenoticia.com.br\/noticia\/imagens\/cumplices-de-um-resgate-001-197x187.jpg 197w, https:\/\/migracao.redenoticia.com.br\/noticia\/imagens\/cumplices-de-um-resgate-001-150x143.jpg 150w, https:\/\/migracao.redenoticia.com.br\/noticia\/imagens\/cumplices-de-um-resgate-001.jpg 526w\" sizes=\"auto, (max-width: 316px) 100vw, 316px\" \/><\/p>\n<p><strong><em>Resumo novela \u201cC\u00famplices de um Resgate\u201d 08\/01<\/em><\/strong>: no cap\u00edtulo 264(*) da novela, quarta-feira, 08 de janeiro, D\u00f3ris chama Omar at\u00e9 o coreto. Omar n\u00e3o gosta nada da situa\u00e7\u00e3o, pois Sabrina canta uma m\u00fasica que na verdade \u00e9 uma declara\u00e7\u00e3o de amor para ele. \u201cPara de me fazer passar vergonha\u201d, diz o garoto. Sabrina sai chateada. D\u00f3ris chama o garoto de burro e pergunta se ele n\u00e3o percebeu o tanto que ela gosta dele. Rebeca conta para Nina que est\u00e1 preocupada, pois Ot\u00e1vio n\u00e3o lhe atende. Nina diz para a filha parar de arrumar problemas com Ot\u00e1vio. Rebeca conta que ir\u00e1 aproveitar que precisa entregar uma pe\u00e7a na On-Enterprise para falar com Ot\u00e1vio. Pedro vai conversar com Flora para saber exatamente o que Fausto fez com ela. Flora diz que ele a tratava como lixo e lhe roubava. Marta se confessa com o padre Lutero e diz que faltou coragem para dizer a verdade sobre o segredo das g\u00eameas para Rebeca.<\/p>\n<p>O padre instrui a fiel para contar tudo mesmo assim. Isabela, que finge ser Manuela, vai atr\u00e1s da mulher na igreja, que vai embora. O padre diz que n\u00e3o pode contar sobre o que falavam. Of\u00e9lio liga para Isabela e pede para que Manuela revele o que est\u00e1 acontecendo sobre o documento. Regina aparece no vilarejo e pede para Marina entrar no carro em que ela est\u00e1. Nair apresenta ao pastor sua sobrinha, Gemima (Gabriella Di Grecco), para ajudar no trabalho volunt\u00e1rio da igreja. \u201cEla \u00e9 uma mo\u00e7a do Senhor. E o melhor de tudo, \u00e9 solteira\u201d, conta Nair. Dinho continua surtado e diz que n\u00e3o ir\u00e1 mais abrir o port\u00e3o do condom\u00ednio. Todos os moradores se revoltam na portaria.<\/p>\n<p>(*) edi\u00e7\u00e3o do SBT, Novela \u201cC\u00famplices de um Resgate\u201d, sujeito a altera\u00e7\u00e3o de data e conte\u00fado.<\/p>\n<p>\u201cC\u00famplices de um Resgate\u201d &#8211; Duas irm\u00e3s g\u00eameas univitelinas que foram separadas ap\u00f3s nascimento, se reencontram somente ap\u00f3s doze anos. Manuela, uma das g\u00eameas, \u00e9 doce, meiga, gentil, e muito talentosa para a m\u00fasica e tem uma voz encantadora. Vive uma vida feliz no Vilarejo dos Sonhos, onde mora com sua av\u00f3 Nina, sua tia Helena e sua m\u00e3e Rebeca, que d\u00e1 muito amor e carinho a filha por ela nunca ter tido um pai, e ela \u00e9 a m\u00e3e biol\u00f3gica das duas garotas, mas nunca soube que teve g\u00eameas.<\/p>\n","protected":false},"excerpt":{"rendered":"<p>Resumo novela \u201cC\u00famplices de um Resgate\u201d 08\/01: no cap\u00edtulo 264(*) da novela, quarta-feira, 08 de janeiro, D\u00f3ris chama Omar at\u00e9 o coreto. Omar n\u00e3o gosta nada da situa\u00e7\u00e3o, pois Sabrina canta uma m\u00fasica que na verdade \u00e9 uma declara\u00e7\u00e3o de amor para ele. \u201cPara de me fazer passar vergonha\u201d, diz o garoto. Sabrina sai chateada. [&hellip;]<\/p>\n","protected":false},"author":4,"featured_media":164526,"comment_status":"open","ping_status":"closed","sticky":false,"template":"","format":"standard","meta":{"tdm_status":"","tdm_grid_status":"","footnotes":""},"categories":[379,372,343],"tags":[441],"class_list":{"0":"post-186918","1":"post","2":"type-post","3":"status-publish","4":"format-standard","5":"has-post-thumbnail","7":"category-novelas","8":"category-sbt","9":"category-televisao","10":"tag-resumo-do-dia"},"_links":{"self":[{"href":"https:\/\/migracao.redenoticia.com.br\/noticia\/wp-json\/wp\/v2\/posts\/186918","targetHints":{"allow":["GET"]}}],"collection":[{"href":"https:\/\/migracao.redenoticia.com.br\/noticia\/wp-json\/wp\/v2\/posts"}],"about":[{"href":"https:\/\/migracao.redenoticia.com.br\/noticia\/wp-json\/wp\/v2\/types\/post"}],"author":[{"embeddable":true,"href":"https:\/\/migracao.redenoticia.com.br\/noticia\/wp-json\/wp\/v2\/users\/4"}],"replies":[{"embeddable":true,"href":"https:\/\/migracao.redenoticia.com.br\/noticia\/wp-json\/wp\/v2\/comments?post=186918"}],"version-history":[{"count":0,"href":"https:\/\/migracao.redenoticia.com.br\/noticia\/wp-json\/wp\/v2\/posts\/186918\/revisions"}],"wp:featuredmedia":[{"embeddable":true,"href":"https:\/\/migracao.redenoticia.com.br\/noticia\/wp-json\/wp\/v2\/media\/164526"}],"wp:attachment":[{"href":"https:\/\/migracao.redenoticia.com.br\/noticia\/wp-json\/wp\/v2\/media?parent=186918"}],"wp:term":[{"taxonomy":"category","embeddable":true,"href":"https:\/\/migracao.redenoticia.com.br\/noticia\/wp-json\/wp\/v2\/categories?post=186918"},{"taxonomy":"post_tag","embeddable":true,"href":"https:\/\/migracao.redenoticia.com.br\/noticia\/wp-json\/wp\/v2\/tags?post=186918"}],"curies":[{"name":"wp","href":"https:\/\/api.w.org\/{rel}","templated":true}]}}