{"id":186920,"date":"2020-01-07T12:23:24","date_gmt":"2020-01-07T15:23:24","guid":{"rendered":"https:\/\/www.redenoticia.com.br\/noticia\/?p=186920"},"modified":"2020-01-07T12:23:24","modified_gmt":"2020-01-07T15:23:24","slug":"resumo-novela-avenida-brasil-08-01-tufao-confessa-para-nina-que-esta-apaixonado","status":"publish","type":"post","link":"https:\/\/migracao.redenoticia.com.br\/noticia\/2020\/resumo-novela-avenida-brasil-08-01-tufao-confessa-para-nina-que-esta-apaixonado\/186920","title":{"rendered":"Resumo novela \u201cAvenida Brasil\u201d 08\/01: Tuf\u00e3o confessa para Nina que est\u00e1 apaixonado"},"content":{"rendered":"<p><img loading=\"lazy\" decoding=\"async\" src=\"https:\/\/migracao.redenoticia.com.br\/noticia\/imagens\/avenida-brasil-resumo-capitulo-01-348x300.jpg\" alt=\"\" width=\"348\" height=\"300\" class=\"aligncenter size-large wp-image-182543\" srcset=\"https:\/\/migracao.redenoticia.com.br\/noticia\/imagens\/avenida-brasil-resumo-capitulo-01-348x300.jpg 348w, https:\/\/migracao.redenoticia.com.br\/noticia\/imagens\/avenida-brasil-resumo-capitulo-01-217x187.jpg 217w, https:\/\/migracao.redenoticia.com.br\/noticia\/imagens\/avenida-brasil-resumo-capitulo-01-534x462.jpg 534w, https:\/\/migracao.redenoticia.com.br\/noticia\/imagens\/avenida-brasil-resumo-capitulo-01.jpg 590w\" sizes=\"auto, (max-width: 348px) 100vw, 348px\" \/><\/p>\n<p><strong><em>Resumo novela \u201cAvenida Brasil\u201d 08\/01<\/em><\/strong>: no cap\u00edtulo 068(*) da novela, quarta-feira, 08 de janeiro, Nina esconde L\u00facio no arm\u00e1rio de seu quarto. Tuf\u00e3o v\u00ea o cofre aberto e desconfia de que o ladr\u00e3o foi orientado por algu\u00e9m de dentro da casa. Adauto encontra Jana\u00edna presa no lavabo, mas ela desconversa sobre a identidade do bandido. Nina afirma que viu algu\u00e9m fugindo pelo muro. Todos acreditam em Nina, que se vangloria por ter salvado Max novamente. L\u00facio aparece na sala da mans\u00e3o fingindo preocupa\u00e7\u00e3o com Jana\u00edna e Carminha percebe a arma\u00e7\u00e3o. Ram\u00f3n enfrenta Suelen. \u00c1gata deixa escapar para D\u00e9bora que Jorginho assistiu a seu ensaio de charme com Nina.<\/p>\n<p>D\u00e9bora discute com Jorginho e volta para a casa da m\u00e3e. No\u00eamia fica confusa com os seus sentimentos ap\u00f3s uma visita de Cadinho. Zez\u00e9 acusa Nina pela tentativa de assalto. Monalisa e Tuf\u00e3o discutem sobre o fim da sociedade e ela revela que estava gr\u00e1vida quando terminaram o noivado. Jana\u00edna expulsa L\u00facio de casa. Carminha discute com Max. Tuf\u00e3o confessa para Nina que est\u00e1 apaixonado por outra mulher.<\/p>\n<p>(*) edi\u00e7\u00e3o da Rede Globo, Novela \u201cAvenida Brasil\u201d, sujeito a altera\u00e7\u00e3o de data e conte\u00fado.<\/p>\n<p>&#8220;Avenida Brasil&#8221; conta a hist\u00f3ria de uma jovem que, desde os 11 anos, planeja um acerto de contas com a madrasta. Rita (Mel Maia), \u00f3rf\u00e3 de m\u00e3e, era criada, com muito amor, pelo pai Gen\u00e9sio (Tony Ramos). Tudo muda quando ele se casa com Carmen L\u00facia, a Carminha (Adriana Esteves), uma mulher ambiciosa e dissimulada. Com Gen\u00e9sio, ela se passava por esposa doce e dedicada; com Rita, era uma madrasta m\u00e1.<\/p>\n<p>A menina entra em desespero ao descobrir, ap\u00f3s ouvir uma conversa da madrasta ao telefone, que Carminha est\u00e1 armando um golpe contra seu pai: ele ser\u00e1 abordado na sa\u00edda do banco, logo ap\u00f3s receber o pagamento pela venda da casa onde mora com a filha e a nova esposa. A transa\u00e7\u00e3o \u00e9 ideia de Carminha. Gen\u00e9sio titubeia, afinal a casa \u00e9 heran\u00e7a da falecida esposa, mas decide vender o patrim\u00f4nio para comprar outra casa. Carminha n\u00e3o arquitetou nada sozinha na novela &#8220;Avenida Brasil&#8221;. Cada passo foi acompanhado por Max (Marcello Novaes), seu amante e parceiro em golpes. Tendo ouvido o plano, Rita corre para alertar o pai, mas ele acha que a hist\u00f3ria n\u00e3o passa de implic\u00e2ncia da filha com a madrasta e, aparentemente, n\u00e3o a leva a s\u00e9rio.<\/p>\n","protected":false},"excerpt":{"rendered":"<p>Resumo novela \u201cAvenida Brasil\u201d 08\/01: no cap\u00edtulo 068(*) da novela, quarta-feira, 08 de janeiro, Nina esconde L\u00facio no arm\u00e1rio de seu quarto. Tuf\u00e3o v\u00ea o cofre aberto e desconfia de que o ladr\u00e3o foi orientado por algu\u00e9m de dentro da casa. Adauto encontra Jana\u00edna presa no lavabo, mas ela desconversa sobre a identidade do bandido. [&hellip;]<\/p>\n","protected":false},"author":4,"featured_media":182544,"comment_status":"open","ping_status":"closed","sticky":false,"template":"","format":"standard","meta":{"tdm_status":"","tdm_grid_status":"","footnotes":""},"categories":[549,379,375,343],"tags":[441],"class_list":{"0":"post-186920","1":"post","2":"type-post","3":"status-publish","4":"format-standard","5":"has-post-thumbnail","7":"category-avenida-brasil","8":"category-novelas","9":"category-rede-globo","10":"category-televisao","11":"tag-resumo-do-dia"},"_links":{"self":[{"href":"https:\/\/migracao.redenoticia.com.br\/noticia\/wp-json\/wp\/v2\/posts\/186920","targetHints":{"allow":["GET"]}}],"collection":[{"href":"https:\/\/migracao.redenoticia.com.br\/noticia\/wp-json\/wp\/v2\/posts"}],"about":[{"href":"https:\/\/migracao.redenoticia.com.br\/noticia\/wp-json\/wp\/v2\/types\/post"}],"author":[{"embeddable":true,"href":"https:\/\/migracao.redenoticia.com.br\/noticia\/wp-json\/wp\/v2\/users\/4"}],"replies":[{"embeddable":true,"href":"https:\/\/migracao.redenoticia.com.br\/noticia\/wp-json\/wp\/v2\/comments?post=186920"}],"version-history":[{"count":0,"href":"https:\/\/migracao.redenoticia.com.br\/noticia\/wp-json\/wp\/v2\/posts\/186920\/revisions"}],"wp:featuredmedia":[{"embeddable":true,"href":"https:\/\/migracao.redenoticia.com.br\/noticia\/wp-json\/wp\/v2\/media\/182544"}],"wp:attachment":[{"href":"https:\/\/migracao.redenoticia.com.br\/noticia\/wp-json\/wp\/v2\/media?parent=186920"}],"wp:term":[{"taxonomy":"category","embeddable":true,"href":"https:\/\/migracao.redenoticia.com.br\/noticia\/wp-json\/wp\/v2\/categories?post=186920"},{"taxonomy":"post_tag","embeddable":true,"href":"https:\/\/migracao.redenoticia.com.br\/noticia\/wp-json\/wp\/v2\/tags?post=186920"}],"curies":[{"name":"wp","href":"https:\/\/api.w.org\/{rel}","templated":true}]}}