{"id":186985,"date":"2020-01-09T12:27:04","date_gmt":"2020-01-09T15:27:04","guid":{"rendered":"https:\/\/www.redenoticia.com.br\/noticia\/?p=186985"},"modified":"2020-01-09T12:27:04","modified_gmt":"2020-01-09T15:27:04","slug":"resumo-novela-abismo-de-paixao-10-01-ramiro-sequestra-ingrid","status":"publish","type":"post","link":"https:\/\/migracao.redenoticia.com.br\/noticia\/2020\/resumo-novela-abismo-de-paixao-10-01-ramiro-sequestra-ingrid\/186985","title":{"rendered":"Resumo novela \u201cAbismo de Paix\u00e3o\u201d 10\/01: Ramiro sequestra Ingrid"},"content":{"rendered":"<p><img loading=\"lazy\" decoding=\"async\" class=\"aligncenter size-large wp-image-181127\" src=\"https:\/\/migracao.redenoticia.com.br\/noticia\/imagens\/abismo-de-paixao-sbt-resumo-327x300.jpg\" alt=\"\" width=\"327\" height=\"300\" srcset=\"https:\/\/migracao.redenoticia.com.br\/noticia\/imagens\/abismo-de-paixao-sbt-resumo-327x300.jpg 327w, https:\/\/migracao.redenoticia.com.br\/noticia\/imagens\/abismo-de-paixao-sbt-resumo-204x187.jpg 204w, https:\/\/migracao.redenoticia.com.br\/noticia\/imagens\/abismo-de-paixao-sbt-resumo.jpg 426w\" sizes=\"auto, (max-width: 327px) 100vw, 327px\" \/><\/p>\n<p><strong><em>Resumo da novela \u201cAbismo de Paix\u00e3o\u201d<\/em><\/strong> em 10\/01: no cap\u00edtulo 099(*) da novela, sexta-feira, 10 de janeiro, na pra\u00e7a do povoado, Ant\u00f4nia faz uma cena de ci\u00fames por Br\u00e1ulio estar com Dolores. Ela exige que Dolores se afaste dele e de Vicente, j\u00e1 que s\u00e3o sua fam\u00edlia. Br\u00e1ulio aparece e cala Ant\u00f4nia, pedindo que ela n\u00e3o insulte mais Dolores. Almerinda procura Ingrid na fazenda de Ramiro, mas esta nunca chega para o encontro que tinham. Flor\u00eancia tem o amuleto de Dami\u00e3o e pensa no que far\u00e1 com ele. Dolores pede a Elisa que pense bem se realmente se casar\u00e1 com Gael ou n\u00e3o.<\/p>\n<p>Elisa responde que deve muito a Gael. Na cabana de Ramona, ela n\u00e3o consegue dormir e prepara um ch\u00e1. Paloma comenta com ela que tamb\u00e9m n\u00e3o pode dormir. Ramona a pede que diga a verdade sobre o pai do beb\u00ea, mas Paloma responde que Henrique \u00e9 o pai da crian\u00e7a. Ramiro escapa do centro de sa\u00fade e sequestra Ingrid. Ele a leva para a casa azul e discutem. Ingrid desmaia e Ramiro a joga em um buraco que fez no quintal da casa. Ingrid acaba acordando e observa como Ramiro joga terra em cima dela. Ingrid grita desesperada.<\/p>\n<p>(*) edi\u00e7\u00e3o do SBT, Novela \u201cAbismo de Paix\u00e3o\u201d, sujeito a altera\u00e7\u00e3o de data e conte\u00fado.<\/p>\n<p>&#8220;Abismo de Paix\u00e3o&#8221;- Augusto Casta\u00f1\u00f3n (Alejandro Camacho) e Estef\u00e2nia Bouvier de Casta\u00f1\u00f3n (Ludwika Paleta) s\u00e3o pais de Elisa (Angelique Boyer). Com eles vive Carmen Bouvier (Sabine Moussier), irm\u00e3 mais velha de Estef\u00e2nia e que vai fugir do povoado com Rog\u00e9rio Arango (C\u00e9sar \u00c9vora), esposo de Almerinda Arango (Blanca Guerra) e pai de Dami\u00e3o (David Zepeda), melhor amigo de Elisa. Almerinda descobre e alerta a Augusto.<\/p>\n<p>Por sua parte, Estef\u00e2nia tenta impedir Rog\u00e9rio a n\u00e3o abandonar sua fam\u00edlia, mas devido ao intemp\u00e9rie da chuva, ambos morrem em um acidente de carro. Carmem aproveita o fato para fazer Augusto acreditar que sua esposa era infiel. Augusto, por despeito, casa-se com Carmem, apesar de n\u00e3o estar apaixonado por ela e nem am\u00e1-la. Carmem est\u00e1 gr\u00e1vida de Rog\u00e9rio, mas mente para Augusto, dizendo que o filho \u00e9 dele. <\/p>\n<p>Querendo bater em Elisa, Carmem escorrega e cai na piscina da casa, causando morte s\u00fabita ao beb\u00ea. Por sua parte, Almerinda decide mandar a Dami\u00e3o para fora do povoado a estudar para separ\u00e1-lo de Elisa de quem \u00e9 muito amigo, amizade que ela n\u00e3o v\u00ea com bons olhos, ap\u00f3s inocentemente os dois fugirem juntos.<\/p>\n","protected":false},"excerpt":{"rendered":"<p>Resumo da novela \u201cAbismo de Paix\u00e3o\u201d em 10\/01: no cap\u00edtulo 099(*) da novela, sexta-feira, 10 de janeiro, na pra\u00e7a do povoado, Ant\u00f4nia faz uma cena de ci\u00fames por Br\u00e1ulio estar com Dolores. Ela exige que Dolores se afaste dele e de Vicente, j\u00e1 que s\u00e3o sua fam\u00edlia. Br\u00e1ulio aparece e cala Ant\u00f4nia, pedindo que ela [&hellip;]<\/p>\n","protected":false},"author":4,"featured_media":181126,"comment_status":"open","ping_status":"closed","sticky":false,"template":"","format":"standard","meta":{"tdm_status":"","tdm_grid_status":"","footnotes":""},"categories":[379,372,343],"tags":[441],"class_list":{"0":"post-186985","1":"post","2":"type-post","3":"status-publish","4":"format-standard","5":"has-post-thumbnail","7":"category-novelas","8":"category-sbt","9":"category-televisao","10":"tag-resumo-do-dia"},"_links":{"self":[{"href":"https:\/\/migracao.redenoticia.com.br\/noticia\/wp-json\/wp\/v2\/posts\/186985","targetHints":{"allow":["GET"]}}],"collection":[{"href":"https:\/\/migracao.redenoticia.com.br\/noticia\/wp-json\/wp\/v2\/posts"}],"about":[{"href":"https:\/\/migracao.redenoticia.com.br\/noticia\/wp-json\/wp\/v2\/types\/post"}],"author":[{"embeddable":true,"href":"https:\/\/migracao.redenoticia.com.br\/noticia\/wp-json\/wp\/v2\/users\/4"}],"replies":[{"embeddable":true,"href":"https:\/\/migracao.redenoticia.com.br\/noticia\/wp-json\/wp\/v2\/comments?post=186985"}],"version-history":[{"count":0,"href":"https:\/\/migracao.redenoticia.com.br\/noticia\/wp-json\/wp\/v2\/posts\/186985\/revisions"}],"wp:featuredmedia":[{"embeddable":true,"href":"https:\/\/migracao.redenoticia.com.br\/noticia\/wp-json\/wp\/v2\/media\/181126"}],"wp:attachment":[{"href":"https:\/\/migracao.redenoticia.com.br\/noticia\/wp-json\/wp\/v2\/media?parent=186985"}],"wp:term":[{"taxonomy":"category","embeddable":true,"href":"https:\/\/migracao.redenoticia.com.br\/noticia\/wp-json\/wp\/v2\/categories?post=186985"},{"taxonomy":"post_tag","embeddable":true,"href":"https:\/\/migracao.redenoticia.com.br\/noticia\/wp-json\/wp\/v2\/tags?post=186985"}],"curies":[{"name":"wp","href":"https:\/\/api.w.org\/{rel}","templated":true}]}}