{"id":186988,"date":"2020-01-09T12:28:42","date_gmt":"2020-01-09T15:28:42","guid":{"rendered":"https:\/\/www.redenoticia.com.br\/noticia\/?p=186988"},"modified":"2020-01-09T12:28:42","modified_gmt":"2020-01-09T15:28:42","slug":"resumo-novela-meu-coracao-e-teu-10-01-fanny-esbofeteia-henrique","status":"publish","type":"post","link":"https:\/\/migracao.redenoticia.com.br\/noticia\/2020\/resumo-novela-meu-coracao-e-teu-10-01-fanny-esbofeteia-henrique\/186988","title":{"rendered":"Resumo novela \u201cMeu Cora\u00e7\u00e3o \u00e9 Teu\u201d 10\/01: Fanny esbofeteia Henrique"},"content":{"rendered":"<p><img loading=\"lazy\" decoding=\"async\" src=\"https:\/\/migracao.redenoticia.com.br\/noticia\/imagens\/meu-coracao-e-teu-300x300.jpg\" alt=\"\" width=\"300\" height=\"300\" class=\"aligncenter size-large wp-image-183929\" srcset=\"https:\/\/migracao.redenoticia.com.br\/noticia\/imagens\/meu-coracao-e-teu-300x300.jpg 300w, https:\/\/migracao.redenoticia.com.br\/noticia\/imagens\/meu-coracao-e-teu-187x187.jpg 187w, https:\/\/migracao.redenoticia.com.br\/noticia\/imagens\/meu-coracao-e-teu-150x150.jpg 150w, https:\/\/migracao.redenoticia.com.br\/noticia\/imagens\/meu-coracao-e-teu-140x140.jpg 140w, https:\/\/migracao.redenoticia.com.br\/noticia\/imagens\/meu-coracao-e-teu-85x85.jpg 85w, https:\/\/migracao.redenoticia.com.br\/noticia\/imagens\/meu-coracao-e-teu.jpg 500w\" sizes=\"auto, (max-width: 300px) 100vw, 300px\" \/><\/p>\n<p><strong><em>Resumo da novela \u201cMeu Cora\u00e7\u00e3o \u00e9 Teu\u201d<\/em><\/strong> em 10\/01: no cap\u00edtulo 050(*) da novela, sexta-feira, 10 de janeiro, Isabela v\u00ea a oportunidade perfeita para fazer Ana acreditar definitivamente que Yolanda \u00e9 sua m\u00e3e. O plano de Isabela d\u00e1 certo e Ana acredita que Yolanda \u00e9 sua m\u00e3e. Fanny vai atr\u00e1s de Leon, mas Regina fecha a porta em sua cara e a diz que Leon est\u00e1 ocupado. Isabela finge desmaiar quando a dizem que Ana \u00e9 sua irm\u00e3. Yolanda garante a Ana que ela \u00e9 sua filha. Helena telefona para Nando para lhe dizer que precisa dele. Isabela parabeniza Yolanda por ser t\u00e3o boa atriz. Ana comunica a Jennifer e Johnny que Yolanda \u00e9 sua m\u00e3e. Eles a recomendam que n\u00e3o confie nela. Fernando garante a Isabela que est\u00e1 muito feliz por saber que ter\u00e1 outro filho. Ana pede a Yolanda autoriza\u00e7\u00e3o para fazer um exame de DNA. Fanny pergunta a Leon porque n\u00e3o fez nada para recuper\u00e1-la. Henrique tenta beijar Fanny e ela o esbofeteia.<br \/>\nIsabela e Bruno entram em acordo para que arrumem o quarto do beb\u00ea. Fanny questiona Leon sobre Regina. Fernando descobre que Nando reprovou em uma mat\u00e9ria no col\u00e9gio por faltas. Jennifer pede a Ana que a ajude a escolher o seu vestido de noiva. Nicolas agradece a Manuela o que ela far\u00e1 pela felicidade de seu casamento. Fernando pergunta a Fanny que coisa t\u00e3o grave aconteceu para que ela deixasse seu trabalho. Isabela planeja roubar uma fotografia de Ana e Diego se beijando para seguir adiante com seu plano com Henrique. Fanny comunica a seu pai que buscar\u00e1 ajuda de um conselheiro vocacional. Fernando descobre que Isabela disse coisas muito feias e empurrou Sebasti\u00e3o, e garante a seu filho que as coisas n\u00e3o ficar\u00e3o assim com respeito a Isabela.<\/p>\n<p>(*) edi\u00e7\u00e3o do SBT, Novela \u201cMeu Cora\u00e7\u00e3o \u00e9 Teu\u201d, sujeito a altera\u00e7\u00e3o de data e conte\u00fado.<\/p>\n<p>Novela \u201cMeu Cora\u00e7\u00e3o \u00e9 Teu\u201d: Ana Leal \u00e9 uma mulher alegre e otimista. Um desastre destr\u00f3i sua casa e Ana perde tudo o que tem. Fernando Lascur\u00e1in, um prestigiado empres\u00e1rio que se lembra com tristeza que h\u00e1 um ano morreu sua esposa. Fernando \u00e9 o pai de sete filhos: Fanny de 19 anos, Nando de 17 anos, Alicia de 14 anos, Sebasti\u00e3o de 11 anos, os g\u00eameos Alex e Guille de 8 anos e a pequena Luz de 4 anos. Estes sete \u201cpequenos\u201d se encarregaram de fazer a vida de dezenas de bab\u00e1s imposs\u00edvel, mas Fernando precisa urgentemente de uma bab\u00e1 que cuide de seus filhos.<\/p>\n<p>As necessidades e a vontade de se superar, levam Ana a buscar outro trabalho. Sua falta de experi\u00eancia, e sua educa\u00e7\u00e3o prec\u00e1ria complicam o processo de ela encontrar um trabalho est\u00e1vel. Mas o destino tem algo preparado a ela: por uma confus\u00e3o, Ana termina chegando \u00e0 mans\u00e3o Lascur\u00e1in sem saber que l\u00e1 encontrar\u00e1 tudo o que sempre sonhou.<\/p>\n","protected":false},"excerpt":{"rendered":"<p>Resumo da novela \u201cMeu Cora\u00e7\u00e3o \u00e9 Teu\u201d em 10\/01: no cap\u00edtulo 050(*) da novela, sexta-feira, 10 de janeiro, Isabela v\u00ea a oportunidade perfeita para fazer Ana acreditar definitivamente que Yolanda \u00e9 sua m\u00e3e. O plano de Isabela d\u00e1 certo e Ana acredita que Yolanda \u00e9 sua m\u00e3e. Fanny vai atr\u00e1s de Leon, mas Regina fecha [&hellip;]<\/p>\n","protected":false},"author":4,"featured_media":183928,"comment_status":"open","ping_status":"closed","sticky":false,"template":"","format":"standard","meta":{"tdm_status":"","tdm_grid_status":"","footnotes":""},"categories":[379,372,343],"tags":[441],"class_list":{"0":"post-186988","1":"post","2":"type-post","3":"status-publish","4":"format-standard","5":"has-post-thumbnail","7":"category-novelas","8":"category-sbt","9":"category-televisao","10":"tag-resumo-do-dia"},"_links":{"self":[{"href":"https:\/\/migracao.redenoticia.com.br\/noticia\/wp-json\/wp\/v2\/posts\/186988","targetHints":{"allow":["GET"]}}],"collection":[{"href":"https:\/\/migracao.redenoticia.com.br\/noticia\/wp-json\/wp\/v2\/posts"}],"about":[{"href":"https:\/\/migracao.redenoticia.com.br\/noticia\/wp-json\/wp\/v2\/types\/post"}],"author":[{"embeddable":true,"href":"https:\/\/migracao.redenoticia.com.br\/noticia\/wp-json\/wp\/v2\/users\/4"}],"replies":[{"embeddable":true,"href":"https:\/\/migracao.redenoticia.com.br\/noticia\/wp-json\/wp\/v2\/comments?post=186988"}],"version-history":[{"count":0,"href":"https:\/\/migracao.redenoticia.com.br\/noticia\/wp-json\/wp\/v2\/posts\/186988\/revisions"}],"wp:featuredmedia":[{"embeddable":true,"href":"https:\/\/migracao.redenoticia.com.br\/noticia\/wp-json\/wp\/v2\/media\/183928"}],"wp:attachment":[{"href":"https:\/\/migracao.redenoticia.com.br\/noticia\/wp-json\/wp\/v2\/media?parent=186988"}],"wp:term":[{"taxonomy":"category","embeddable":true,"href":"https:\/\/migracao.redenoticia.com.br\/noticia\/wp-json\/wp\/v2\/categories?post=186988"},{"taxonomy":"post_tag","embeddable":true,"href":"https:\/\/migracao.redenoticia.com.br\/noticia\/wp-json\/wp\/v2\/tags?post=186988"}],"curies":[{"name":"wp","href":"https:\/\/api.w.org\/{rel}","templated":true}]}}