{"id":186992,"date":"2020-01-09T12:31:16","date_gmt":"2020-01-09T15:31:16","guid":{"rendered":"https:\/\/www.redenoticia.com.br\/noticia\/?p=186992"},"modified":"2020-01-09T12:31:16","modified_gmt":"2020-01-09T15:31:16","slug":"resumo-novela-cumplices-de-um-resgate-10-01-fortunato-descobre-que-geraldo-e-o-pai-de-priscila","status":"publish","type":"post","link":"https:\/\/migracao.redenoticia.com.br\/noticia\/2020\/resumo-novela-cumplices-de-um-resgate-10-01-fortunato-descobre-que-geraldo-e-o-pai-de-priscila\/186992","title":{"rendered":"Resumo novela \u201cC\u00famplices de um Resgate\u201d 10\/01: Fortunato descobre que Geraldo \u00e9 o pai de Priscila"},"content":{"rendered":"<p><img loading=\"lazy\" decoding=\"async\" class=\"aligncenter size-large wp-image-164526\" src=\"https:\/\/migracao.redenoticia.com.br\/noticia\/imagens\/cumplices-de-um-resgate-001-316x300.jpg\" alt=\"\" width=\"316\" height=\"300\" srcset=\"https:\/\/migracao.redenoticia.com.br\/noticia\/imagens\/cumplices-de-um-resgate-001-316x300.jpg 316w, https:\/\/migracao.redenoticia.com.br\/noticia\/imagens\/cumplices-de-um-resgate-001-197x187.jpg 197w, https:\/\/migracao.redenoticia.com.br\/noticia\/imagens\/cumplices-de-um-resgate-001-150x143.jpg 150w, https:\/\/migracao.redenoticia.com.br\/noticia\/imagens\/cumplices-de-um-resgate-001.jpg 526w\" sizes=\"auto, (max-width: 316px) 100vw, 316px\" \/><\/p>\n<p><strong><em>Resumo novela \u201cC\u00famplices de um Resgate\u201d 10\/01<\/em><\/strong>: no cap\u00edtulo 266(*) da novela, sexta-feira, 10 de janeiro, Meire pede para que Helena fale com Dinho. Helena tenta falar com o porteiro, que est\u00e1 rebelde. \u201cMorreu junto com todo o meu amor\u201d, diz Dinho. Helena tenta consolar o rapaz, elogia ele e diz que pode contar com ela. Dinho chora e abre o port\u00e3o. Helena abra\u00e7a Dinho e todos aplaudem. Regina leva um fot\u00f3grafo para a gravadora para fazer imagens durante o ensaio da C1R. Priscila passa mal e desmaia. Rebeca e Pedro almo\u00e7am na cidade. Ot\u00e1vio aparece por acaso e v\u00ea os dois de longe. O empres\u00e1rio fica enciumado e diz que espera que ela o fa\u00e7a feliz. Geraldo leva Priscila para a casa de seus av\u00f3s. Ot\u00e1vio diz que precisa ficar longe de Rebeca pelo menos por um tempo. Pedro aconselha a amiga a ir atr\u00e1s de Ot\u00e1vio. Mateus est\u00e1 preocupado com as discuss\u00f5es entre seus pais e conta isso para D\u00f3ris.<\/p>\n<p>Rebeca vai at\u00e9 a empresa e conversa com Ot\u00e1vio. Ele ainda est\u00e1 irritado e Rebeca diz que enquanto ele n\u00e3o confiar nela, n\u00e3o sabe o futuro da rela\u00e7\u00e3o deles. Rebeca sai triste da sala de Ot\u00e1vio. Safira v\u00ea e fica feliz. Omar manda Sabrina n\u00e3o confundir as coisas e inventa que gosta de outra menina. Geraldo diz para os av\u00f3s de Priscila que vai esperar Safira chegar. Enquanto isso, Safira inventa um pretexto para falar com Ot\u00e1vio sobre Rebeca. Safira sabota a confec\u00e7\u00e3o Sonhos e Retalhos com uma pe\u00e7a de roupa com defeito com a ajuda de Berta e Tomas. Sabrina acha que Omar gosta de Manuela. Safira chega na casa de seus pais para saber de Priscila e fica irritada ao se deparar com Geraldo. \u00c9 divulgado nas redes sociais fotos de Joaquim e Priscila como se fossem namorados. Geraldo entrega para Regina o documento com a falsifica\u00e7\u00e3o da assinatura de Marina. Aurora revela para Fortunato que Geraldo \u00e9 o pai de Priscila.<\/p>\n<p>(*) edi\u00e7\u00e3o do SBT, Novela \u201cC\u00famplices de um Resgate\u201d, sujeito a altera\u00e7\u00e3o de data e conte\u00fado.<\/p>\n<p>\u201cC\u00famplices de um Resgate\u201d &#8211; Duas irm\u00e3s g\u00eameas univitelinas que foram separadas ap\u00f3s nascimento, se reencontram somente ap\u00f3s doze anos. Manuela, uma das g\u00eameas, \u00e9 doce, meiga, gentil, e muito talentosa para a m\u00fasica e tem uma voz encantadora. Vive uma vida feliz no Vilarejo dos Sonhos, onde mora com sua av\u00f3 Nina, sua tia Helena e sua m\u00e3e Rebeca, que d\u00e1 muito amor e carinho a filha por ela nunca ter tido um pai, e ela \u00e9 a m\u00e3e biol\u00f3gica das duas garotas, mas nunca soube que teve g\u00eameas.<\/p>\n","protected":false},"excerpt":{"rendered":"<p>Resumo novela \u201cC\u00famplices de um Resgate\u201d 10\/01: no cap\u00edtulo 266(*) da novela, sexta-feira, 10 de janeiro, Meire pede para que Helena fale com Dinho. Helena tenta falar com o porteiro, que est\u00e1 rebelde. \u201cMorreu junto com todo o meu amor\u201d, diz Dinho. Helena tenta consolar o rapaz, elogia ele e diz que pode contar com [&hellip;]<\/p>\n","protected":false},"author":4,"featured_media":164526,"comment_status":"open","ping_status":"closed","sticky":false,"template":"","format":"standard","meta":{"tdm_status":"","tdm_grid_status":"","footnotes":""},"categories":[379,372,343],"tags":[441],"class_list":{"0":"post-186992","1":"post","2":"type-post","3":"status-publish","4":"format-standard","5":"has-post-thumbnail","7":"category-novelas","8":"category-sbt","9":"category-televisao","10":"tag-resumo-do-dia"},"_links":{"self":[{"href":"https:\/\/migracao.redenoticia.com.br\/noticia\/wp-json\/wp\/v2\/posts\/186992","targetHints":{"allow":["GET"]}}],"collection":[{"href":"https:\/\/migracao.redenoticia.com.br\/noticia\/wp-json\/wp\/v2\/posts"}],"about":[{"href":"https:\/\/migracao.redenoticia.com.br\/noticia\/wp-json\/wp\/v2\/types\/post"}],"author":[{"embeddable":true,"href":"https:\/\/migracao.redenoticia.com.br\/noticia\/wp-json\/wp\/v2\/users\/4"}],"replies":[{"embeddable":true,"href":"https:\/\/migracao.redenoticia.com.br\/noticia\/wp-json\/wp\/v2\/comments?post=186992"}],"version-history":[{"count":0,"href":"https:\/\/migracao.redenoticia.com.br\/noticia\/wp-json\/wp\/v2\/posts\/186992\/revisions"}],"wp:featuredmedia":[{"embeddable":true,"href":"https:\/\/migracao.redenoticia.com.br\/noticia\/wp-json\/wp\/v2\/media\/164526"}],"wp:attachment":[{"href":"https:\/\/migracao.redenoticia.com.br\/noticia\/wp-json\/wp\/v2\/media?parent=186992"}],"wp:term":[{"taxonomy":"category","embeddable":true,"href":"https:\/\/migracao.redenoticia.com.br\/noticia\/wp-json\/wp\/v2\/categories?post=186992"},{"taxonomy":"post_tag","embeddable":true,"href":"https:\/\/migracao.redenoticia.com.br\/noticia\/wp-json\/wp\/v2\/tags?post=186992"}],"curies":[{"name":"wp","href":"https:\/\/api.w.org\/{rel}","templated":true}]}}