{"id":187096,"date":"2020-01-12T16:43:39","date_gmt":"2020-01-12T19:43:39","guid":{"rendered":"https:\/\/www.redenoticia.com.br\/noticia\/?p=187096"},"modified":"2020-01-12T16:43:39","modified_gmt":"2020-01-12T19:43:39","slug":"resumo-novela-cumplices-de-um-resgate-13-01-regina-manda-vargas-prender-isabela","status":"publish","type":"post","link":"https:\/\/migracao.redenoticia.com.br\/noticia\/2020\/resumo-novela-cumplices-de-um-resgate-13-01-regina-manda-vargas-prender-isabela\/187096","title":{"rendered":"Resumo novela \u201cC\u00famplices de um Resgate\u201d 13\/01: Regina manda Vargas prender Isabela"},"content":{"rendered":"<p> <img loading=\"lazy\" decoding=\"async\" class=\"aligncenter size-large wp-image-164526\" src=\"https:\/\/migracao.redenoticia.com.br\/noticia\/imagens\/cumplices-de-um-resgate-001-316x300.jpg\" alt=\"\" width=\"316\" height=\"300\" srcset=\"https:\/\/migracao.redenoticia.com.br\/noticia\/imagens\/cumplices-de-um-resgate-001-316x300.jpg 316w, https:\/\/migracao.redenoticia.com.br\/noticia\/imagens\/cumplices-de-um-resgate-001-197x187.jpg 197w, https:\/\/migracao.redenoticia.com.br\/noticia\/imagens\/cumplices-de-um-resgate-001-150x143.jpg 150w, https:\/\/migracao.redenoticia.com.br\/noticia\/imagens\/cumplices-de-um-resgate-001.jpg 526w\" sizes=\"auto, (max-width: 316px) 100vw, 316px\" \/><\/p>\n<p><strong><em>Resumo novela \u201cC\u00famplices de um Resgate\u201d 13\/01<\/em><\/strong>: no cap\u00edtulo 267(*) da novela, segunda-feira, 13 de janeiro, Geraldo leva Priscila para a casa de seus av\u00f3s. Ot\u00e1vio diz que precisa ficar longe de Rebeca pelo menos por um tempo. Pedro aconselha a amiga a ir atr\u00e1s de Ot\u00e1vio. Mateus est\u00e1 preocupado com as discuss\u00f5es entre seus pais e conta isso para D\u00f3ris. Rebeca vai at\u00e9 a empresa e conversa com Ot\u00e1vio. Ele ainda est\u00e1 irritado e Rebeca diz que enquanto ele n\u00e3o confirmar nela, n\u00e3o sabe o futuro da rela\u00e7\u00e3o deles. Rebeca sai triste da sala de Ot\u00e1vio. Safira v\u00ea e fica feliz. Omar manda Sabrina n\u00e3o confundir as coisas e inventa que gosta de outra menina. Geraldo diz para os av\u00f3s de Priscila que vai esperar Safira chegar.<\/p>\n<p>Enquanto isso, Safira inventa um pretexto para falar com Ot\u00e1vio sobre Rebeca. Safira sabota a confec\u00e7\u00e3o Sonhos e Retalhos com uma pe\u00e7a de roupa com defeito com a ajuda de Berta e Tomas. Sabrina acha que Omar gosta de Manuela. Safira chega na casa de seus pais para saber de Priscila e fica irritada ao se deparar com Geraldo. \u00c9 divulgado nas redes sociais fotos de Joaquim e Priscila como se fossem namorados. Geraldo entrega para Regina o documento com a falsifica\u00e7\u00e3o da assinatura de Marina. Aurora revela para Fortunato que Geraldo \u00e9 o pai de Priscila.<\/p>\n<p>Joel convida Flavia para jantar pois est\u00e1 interessado na professora. Nair, que trabalha na fazenda, v\u00ea os dois. Omar pergunta se o pai trocou a veterin\u00e1ria pela professora. Flavia diz que foi at\u00e9 l\u00e1 por conta de Omar, pois quer que ele comece a fazer as aulas extracurriculares de religi\u00e3o. O pastou Augusto e a irm\u00e3 Gemima entregam sopas para os moradores de rua. A mulher n\u00e3o gosta muito do cheiro dos moradores de rua e chega a pensar que eles s\u00e3o assim por n\u00e3o se entregarem a Deus. O pastor diz que ela est\u00e1 enganada. Nair comenta na fazenda que o pastor est\u00e1 com sua sobrinha. Enquanto isso Gemima diz que Nair preparou um jantar para Flavia com Joel. Fortunato fica irritado e se sente tra\u00eddo por Aurora ter guardado segredo por tantos anos.<\/p>\n<p>Raul fala com Regina por um aplicativo e a mulher inventa que Marina abandonou Isabela dedicou um documento atestando isso. Manuela liga para Isabela e conta o que aconteceu. Pedro pede para Rebeca e Nina tentarem alertar Helena sobre Fausto. Fortunato vai at\u00e9 a gravadora para falar para Geraldo que sabe tudo. Isabela aparece na mans\u00e3o e assusta Regina. A menina diz que a megera n\u00e3o vai roubar a sua heran\u00e7a. Regina manda Vargas prender Isabela no por\u00e3o, mesmo ela dizendo que se n\u00e3o voltar para o vilarejo Rebeca vai encontrar uma carta que conta toda a verdade. Geraldo diz para Fortunato que nunca quis que Safira tivesse tido Priscila.<\/p>\n<p>(*) edi\u00e7\u00e3o do SBT, Novela \u201cC\u00famplices de um Resgate\u201d, sujeito a altera\u00e7\u00e3o de data e conte\u00fado.<\/p>\n<p>\u201cC\u00famplices de um Resgate\u201d &#8211; Duas irm\u00e3s g\u00eameas univitelinas que foram separadas ap\u00f3s nascimento, se reencontram somente ap\u00f3s doze anos. Manuela, uma das g\u00eameas, \u00e9 doce, meiga, gentil, e muito talentosa para a m\u00fasica e tem uma voz encantadora. Vive uma vida feliz no Vilarejo dos Sonhos, onde mora com sua av\u00f3 Nina, sua tia Helena e sua m\u00e3e Rebeca, que d\u00e1 muito amor e carinho a filha por ela nunca ter tido um pai, e ela \u00e9 a m\u00e3e biol\u00f3gica das duas garotas, mas nunca soube que teve g\u00eameas.<\/p>\n","protected":false},"excerpt":{"rendered":"<p>Resumo novela \u201cC\u00famplices de um Resgate\u201d 13\/01: no cap\u00edtulo 267(*) da novela, segunda-feira, 13 de janeiro, Geraldo leva Priscila para a casa de seus av\u00f3s. Ot\u00e1vio diz que precisa ficar longe de Rebeca pelo menos por um tempo. Pedro aconselha a amiga a ir atr\u00e1s de Ot\u00e1vio. Mateus est\u00e1 preocupado com as discuss\u00f5es entre seus [&hellip;]<\/p>\n","protected":false},"author":5,"featured_media":164525,"comment_status":"open","ping_status":"closed","sticky":false,"template":"","format":"standard","meta":{"tdm_status":"","tdm_grid_status":"","footnotes":""},"categories":[379,372,343],"tags":[441],"class_list":{"0":"post-187096","1":"post","2":"type-post","3":"status-publish","4":"format-standard","5":"has-post-thumbnail","7":"category-novelas","8":"category-sbt","9":"category-televisao","10":"tag-resumo-do-dia"},"_links":{"self":[{"href":"https:\/\/migracao.redenoticia.com.br\/noticia\/wp-json\/wp\/v2\/posts\/187096","targetHints":{"allow":["GET"]}}],"collection":[{"href":"https:\/\/migracao.redenoticia.com.br\/noticia\/wp-json\/wp\/v2\/posts"}],"about":[{"href":"https:\/\/migracao.redenoticia.com.br\/noticia\/wp-json\/wp\/v2\/types\/post"}],"author":[{"embeddable":true,"href":"https:\/\/migracao.redenoticia.com.br\/noticia\/wp-json\/wp\/v2\/users\/5"}],"replies":[{"embeddable":true,"href":"https:\/\/migracao.redenoticia.com.br\/noticia\/wp-json\/wp\/v2\/comments?post=187096"}],"version-history":[{"count":0,"href":"https:\/\/migracao.redenoticia.com.br\/noticia\/wp-json\/wp\/v2\/posts\/187096\/revisions"}],"wp:featuredmedia":[{"embeddable":true,"href":"https:\/\/migracao.redenoticia.com.br\/noticia\/wp-json\/wp\/v2\/media\/164525"}],"wp:attachment":[{"href":"https:\/\/migracao.redenoticia.com.br\/noticia\/wp-json\/wp\/v2\/media?parent=187096"}],"wp:term":[{"taxonomy":"category","embeddable":true,"href":"https:\/\/migracao.redenoticia.com.br\/noticia\/wp-json\/wp\/v2\/categories?post=187096"},{"taxonomy":"post_tag","embeddable":true,"href":"https:\/\/migracao.redenoticia.com.br\/noticia\/wp-json\/wp\/v2\/tags?post=187096"}],"curies":[{"name":"wp","href":"https:\/\/api.w.org\/{rel}","templated":true}]}}