{"id":187117,"date":"2020-01-13T13:48:53","date_gmt":"2020-01-13T16:48:53","guid":{"rendered":"https:\/\/www.redenoticia.com.br\/noticia\/?p=187117"},"modified":"2020-01-13T19:01:54","modified_gmt":"2020-01-13T22:01:54","slug":"resumo-novela-meu-coracao-e-teu-14-01-ana-descobre-que-yolanda-mentiu","status":"publish","type":"post","link":"https:\/\/migracao.redenoticia.com.br\/noticia\/2020\/resumo-novela-meu-coracao-e-teu-14-01-ana-descobre-que-yolanda-mentiu\/187117","title":{"rendered":"Resumo novela \u201cMeu Cora\u00e7\u00e3o \u00e9 Teu\u201d 14\/01: Ana descobre que Yolanda mentiu"},"content":{"rendered":"<p> <img loading=\"lazy\" decoding=\"async\" class=\"aligncenter size-large wp-image-183929\" src=\"https:\/\/migracao.redenoticia.com.br\/noticia\/imagens\/meu-coracao-e-teu-300x300.jpg\" alt=\"\" width=\"300\" height=\"300\" srcset=\"https:\/\/migracao.redenoticia.com.br\/noticia\/imagens\/meu-coracao-e-teu-300x300.jpg 300w, https:\/\/migracao.redenoticia.com.br\/noticia\/imagens\/meu-coracao-e-teu-187x187.jpg 187w, https:\/\/migracao.redenoticia.com.br\/noticia\/imagens\/meu-coracao-e-teu-150x150.jpg 150w, https:\/\/migracao.redenoticia.com.br\/noticia\/imagens\/meu-coracao-e-teu-140x140.jpg 140w, https:\/\/migracao.redenoticia.com.br\/noticia\/imagens\/meu-coracao-e-teu-85x85.jpg 85w, https:\/\/migracao.redenoticia.com.br\/noticia\/imagens\/meu-coracao-e-teu.jpg 500w\" sizes=\"auto, (max-width: 300px) 100vw, 300px\" \/><\/p>\n<p><strong><em>Resumo da novela \u201cMeu Cora\u00e7\u00e3o \u00e9 Teu\u201d<\/em><\/strong> em 14\/01: no cap\u00edtulo 052(*) da novela, ter\u00e7a-feira, 14 de janeiro, Isabela se oferece para comprar um novo guarda-roupas para Alicia. Nando conta uma hist\u00f3ria a seus irm\u00e3os. Henrique contrata um homem para fazer uma montagem de uma fotografia de Ana. Nicolas e Jennifer veem os convites do seu casamento. Ana confronta Yolanda e diz que j\u00e1 sabe que ela n\u00e3o \u00e9 sua m\u00e3e. Nicolas diz a Ana que eles precisam informar Fernando do que ocorreu. Bruno diz a Manuela que n\u00e3o permitir\u00e1 que ela pague uma d\u00edvida que n\u00e3o \u00e9 dela com Nicolas.<\/p>\n<p>Fanny vai atr\u00e1s da m\u00e3e de Leon para propor que ela prepare a comida para o casamento de seu av\u00f4. Henrique est\u00e1 decidido a n\u00e3o descansar at\u00e9 que Fanny seja sua. Alicia discute com seu pai para defender Isabela. Fanny comenta com Ana que de acordo com as provas do conselheiro vocacional, ela poderia estudar pedagogia, sociologia ou ecologia. O m\u00e9dico da alta a Helena e a recomenda a n\u00e3o deixar seus rem\u00e9dios e a continuar com suas consultas. Fernando confessa a Ana que n\u00e3o consegue dormir com todas as preocupa\u00e7\u00f5es que tem. Ana confessa a Jennifer que as vezes volta a sentir a mesma sensa\u00e7\u00e3o estranha que tinha quando estava no orfanato.<\/p>\n<p>(*) edi\u00e7\u00e3o do SBT, Novela \u201cMeu Cora\u00e7\u00e3o \u00e9 Teu\u201d, sujeito a altera\u00e7\u00e3o de data e conte\u00fado.<\/p>\n<p>Novela \u201cMeu Cora\u00e7\u00e3o \u00e9 Teu\u201d: Ana Leal \u00e9 uma mulher alegre e otimista. Um desastre destr\u00f3i sua casa e Ana perde tudo o que tem. Fernando Lascur\u00e1in, um prestigiado empres\u00e1rio que se lembra com tristeza que h\u00e1 um ano morreu sua esposa. Fernando \u00e9 o pai de sete filhos: Fanny de 19 anos, Nando de 17 anos, Alicia de 14 anos, Sebasti\u00e3o de 11 anos, os g\u00eameos Alex e Guille de 8 anos e a pequena Luz de 4 anos. Estes sete \u201cpequenos\u201d se encarregaram de fazer a vida de dezenas de bab\u00e1s imposs\u00edvel, mas Fernando precisa urgentemente de uma bab\u00e1 que cuide de seus filhos.<\/p>\n<p>As necessidades e a vontade de se superar, levam Ana a buscar outro trabalho. Sua falta de experi\u00eancia, e sua educa\u00e7\u00e3o prec\u00e1ria complicam o processo de ela encontrar um trabalho est\u00e1vel. Mas o destino tem algo preparado a ela: por uma confus\u00e3o, Ana termina chegando \u00e0 mans\u00e3o Lascur\u00e1in sem saber que l\u00e1 encontrar\u00e1 tudo o que sempre sonhou.<\/p>\n","protected":false},"excerpt":{"rendered":"<p>Resumo da novela \u201cMeu Cora\u00e7\u00e3o \u00e9 Teu\u201d em 14\/01: no cap\u00edtulo 052(*) da novela, ter\u00e7a-feira, 14 de janeiro, Isabela se oferece para comprar um novo guarda-roupas para Alicia. Nando conta uma hist\u00f3ria a seus irm\u00e3os. Henrique contrata um homem para fazer uma montagem de uma fotografia de Ana. Nicolas e Jennifer veem os convites do [&hellip;]<\/p>\n","protected":false},"author":5,"featured_media":183928,"comment_status":"open","ping_status":"closed","sticky":false,"template":"","format":"standard","meta":{"tdm_status":"","tdm_grid_status":"","footnotes":""},"categories":[379,372,343],"tags":[441],"class_list":{"0":"post-187117","1":"post","2":"type-post","3":"status-publish","4":"format-standard","5":"has-post-thumbnail","7":"category-novelas","8":"category-sbt","9":"category-televisao","10":"tag-resumo-do-dia"},"_links":{"self":[{"href":"https:\/\/migracao.redenoticia.com.br\/noticia\/wp-json\/wp\/v2\/posts\/187117","targetHints":{"allow":["GET"]}}],"collection":[{"href":"https:\/\/migracao.redenoticia.com.br\/noticia\/wp-json\/wp\/v2\/posts"}],"about":[{"href":"https:\/\/migracao.redenoticia.com.br\/noticia\/wp-json\/wp\/v2\/types\/post"}],"author":[{"embeddable":true,"href":"https:\/\/migracao.redenoticia.com.br\/noticia\/wp-json\/wp\/v2\/users\/5"}],"replies":[{"embeddable":true,"href":"https:\/\/migracao.redenoticia.com.br\/noticia\/wp-json\/wp\/v2\/comments?post=187117"}],"version-history":[{"count":0,"href":"https:\/\/migracao.redenoticia.com.br\/noticia\/wp-json\/wp\/v2\/posts\/187117\/revisions"}],"wp:featuredmedia":[{"embeddable":true,"href":"https:\/\/migracao.redenoticia.com.br\/noticia\/wp-json\/wp\/v2\/media\/183928"}],"wp:attachment":[{"href":"https:\/\/migracao.redenoticia.com.br\/noticia\/wp-json\/wp\/v2\/media?parent=187117"}],"wp:term":[{"taxonomy":"category","embeddable":true,"href":"https:\/\/migracao.redenoticia.com.br\/noticia\/wp-json\/wp\/v2\/categories?post=187117"},{"taxonomy":"post_tag","embeddable":true,"href":"https:\/\/migracao.redenoticia.com.br\/noticia\/wp-json\/wp\/v2\/tags?post=187117"}],"curies":[{"name":"wp","href":"https:\/\/api.w.org\/{rel}","templated":true}]}}