{"id":187155,"date":"2020-01-14T11:56:28","date_gmt":"2020-01-14T14:56:28","guid":{"rendered":"https:\/\/www.redenoticia.com.br\/noticia\/?p=187155"},"modified":"2020-01-14T11:56:28","modified_gmt":"2020-01-14T14:56:28","slug":"resumo-novela-meu-coracao-e-teu-15-01-fernando-descobre-que-yolanda-mentiu-para-ana","status":"publish","type":"post","link":"https:\/\/migracao.redenoticia.com.br\/noticia\/2020\/resumo-novela-meu-coracao-e-teu-15-01-fernando-descobre-que-yolanda-mentiu-para-ana\/187155","title":{"rendered":"Resumo novela \u201cMeu Cora\u00e7\u00e3o \u00e9 Teu\u201d 15\/01: Fernando descobre  que Yolanda mentiu para Ana"},"content":{"rendered":"<p><img loading=\"lazy\" decoding=\"async\" src=\"https:\/\/migracao.redenoticia.com.br\/noticia\/imagens\/meu-coracao-e-teu-300x300.jpg\" alt=\"\" width=\"300\" height=\"300\" class=\"aligncenter size-large wp-image-183929\" srcset=\"https:\/\/migracao.redenoticia.com.br\/noticia\/imagens\/meu-coracao-e-teu-300x300.jpg 300w, https:\/\/migracao.redenoticia.com.br\/noticia\/imagens\/meu-coracao-e-teu-187x187.jpg 187w, https:\/\/migracao.redenoticia.com.br\/noticia\/imagens\/meu-coracao-e-teu-150x150.jpg 150w, https:\/\/migracao.redenoticia.com.br\/noticia\/imagens\/meu-coracao-e-teu-140x140.jpg 140w, https:\/\/migracao.redenoticia.com.br\/noticia\/imagens\/meu-coracao-e-teu-85x85.jpg 85w, https:\/\/migracao.redenoticia.com.br\/noticia\/imagens\/meu-coracao-e-teu.jpg 500w\" sizes=\"auto, (max-width: 300px) 100vw, 300px\" \/><\/p>\n<p><strong><em>Resumo da novela \u201cMeu Cora\u00e7\u00e3o \u00e9 Teu\u201d<\/em><\/strong> em 15\/01: no cap\u00edtulo 053(*) da novela, quarta-feira, 15 de janeiro, Edna leva Johnny com Jennifer. B\u00eabado, ele implora para que Jennifer n\u00e3o se case. Fernando descobre o que Yolanda fez a Ana e est\u00e1 certo que Isabela foi quem planejou tudo. Ana pede que Johnny n\u00e3o arru\u00edne o casamento de Jennifer. Margarida aconselha Leon a lutar pelo amor de Fanny. Jennifer convida Edna para seu casamento. Ana arruma as crian\u00e7as para o casamento de Jennifer e Nicolas. Fernando adverte Isabela que o que fez a Ana ter\u00e1 s\u00e9rias consequ\u00eancias. Fernando est\u00e1 muito zangado com Isabela pelo que ela fez a Ana. Isabela diz a Alicia que Fernando a amea\u00e7ou. Todos saem para o casamento de Jennifer e Nicolas.<\/p>\n<p>Jennifer, vestida de noiva, sobe no carro com Ana para irem ao casamento. No caminho elas tem um imprevisto e ficam sem condi\u00e7\u00f5es de pedir ajuda. Isabela e Yolanda as veem pedindo ajuda, mas apenas ca\u00e7oam delas. Depois de um tempo elas conseguem uma carona em uma caminhonete. Nicolas, ao ver que Jennifer n\u00e3o chega, acredita que ela ir\u00e1 o deixar plantado. Fernando trata de acalmar o pai. A pol\u00edcia prende a caminhonete e os seus condutores, e ainda levam Ana e Jennifer. Fanny explica a Leon que ela n\u00e3o tem nada a ver com Henrique, mas Leon diz que Henrique  o disse que Fanny o pertence. Ela se surpreende. Johnny e v\u00e1rias amigas de Jennifer j\u00e1 est\u00e3o no casamento.<\/p>\n<p>(*) edi\u00e7\u00e3o do SBT, Novela \u201cMeu Cora\u00e7\u00e3o \u00e9 Teu\u201d, sujeito a altera\u00e7\u00e3o de data e conte\u00fado.<\/p>\n<p>Novela \u201cMeu Cora\u00e7\u00e3o \u00e9 Teu\u201d: Ana Leal \u00e9 uma mulher alegre e otimista. Um desastre destr\u00f3i sua casa e Ana perde tudo o que tem. Fernando Lascur\u00e1in, um prestigiado empres\u00e1rio que se lembra com tristeza que h\u00e1 um ano morreu sua esposa. Fernando \u00e9 o pai de sete filhos: Fanny de 19 anos, Nando de 17 anos, Alicia de 14 anos, Sebasti\u00e3o de 11 anos, os g\u00eameos Alex e Guille de 8 anos e a pequena Luz de 4 anos. Estes sete \u201cpequenos\u201d se encarregaram de fazer a vida de dezenas de bab\u00e1s imposs\u00edvel, mas Fernando precisa urgentemente de uma bab\u00e1 que cuide de seus filhos.<\/p>\n<p>As necessidades e a vontade de se superar, levam Ana a buscar outro trabalho. Sua falta de experi\u00eancia, e sua educa\u00e7\u00e3o prec\u00e1ria complicam o processo de ela encontrar um trabalho est\u00e1vel. Mas o destino tem algo preparado a ela: por uma confus\u00e3o, Ana termina chegando \u00e0 mans\u00e3o Lascur\u00e1in sem saber que l\u00e1 encontrar\u00e1 tudo o que sempre sonhou.<\/p>\n","protected":false},"excerpt":{"rendered":"<p>Resumo da novela \u201cMeu Cora\u00e7\u00e3o \u00e9 Teu\u201d em 15\/01: no cap\u00edtulo 053(*) da novela, quarta-feira, 15 de janeiro, Edna leva Johnny com Jennifer. B\u00eabado, ele implora para que Jennifer n\u00e3o se case. Fernando descobre o que Yolanda fez a Ana e est\u00e1 certo que Isabela foi quem planejou tudo. Ana pede que Johnny n\u00e3o arru\u00edne [&hellip;]<\/p>\n","protected":false},"author":4,"featured_media":183928,"comment_status":"open","ping_status":"closed","sticky":false,"template":"","format":"standard","meta":{"tdm_status":"","tdm_grid_status":"","footnotes":""},"categories":[379,372,343],"tags":[441],"class_list":{"0":"post-187155","1":"post","2":"type-post","3":"status-publish","4":"format-standard","5":"has-post-thumbnail","7":"category-novelas","8":"category-sbt","9":"category-televisao","10":"tag-resumo-do-dia"},"_links":{"self":[{"href":"https:\/\/migracao.redenoticia.com.br\/noticia\/wp-json\/wp\/v2\/posts\/187155","targetHints":{"allow":["GET"]}}],"collection":[{"href":"https:\/\/migracao.redenoticia.com.br\/noticia\/wp-json\/wp\/v2\/posts"}],"about":[{"href":"https:\/\/migracao.redenoticia.com.br\/noticia\/wp-json\/wp\/v2\/types\/post"}],"author":[{"embeddable":true,"href":"https:\/\/migracao.redenoticia.com.br\/noticia\/wp-json\/wp\/v2\/users\/4"}],"replies":[{"embeddable":true,"href":"https:\/\/migracao.redenoticia.com.br\/noticia\/wp-json\/wp\/v2\/comments?post=187155"}],"version-history":[{"count":0,"href":"https:\/\/migracao.redenoticia.com.br\/noticia\/wp-json\/wp\/v2\/posts\/187155\/revisions"}],"wp:featuredmedia":[{"embeddable":true,"href":"https:\/\/migracao.redenoticia.com.br\/noticia\/wp-json\/wp\/v2\/media\/183928"}],"wp:attachment":[{"href":"https:\/\/migracao.redenoticia.com.br\/noticia\/wp-json\/wp\/v2\/media?parent=187155"}],"wp:term":[{"taxonomy":"category","embeddable":true,"href":"https:\/\/migracao.redenoticia.com.br\/noticia\/wp-json\/wp\/v2\/categories?post=187155"},{"taxonomy":"post_tag","embeddable":true,"href":"https:\/\/migracao.redenoticia.com.br\/noticia\/wp-json\/wp\/v2\/tags?post=187155"}],"curies":[{"name":"wp","href":"https:\/\/api.w.org\/{rel}","templated":true}]}}