{"id":187200,"date":"2020-01-17T19:02:42","date_gmt":"2020-01-17T22:02:42","guid":{"rendered":"https:\/\/www.redenoticia.com.br\/noticia\/?p=187200"},"modified":"2020-01-17T19:17:32","modified_gmt":"2020-01-17T22:17:32","slug":"novela-eramos-seis-carlos-descobre-que-alfredo-cometeu-um-crime","status":"publish","type":"post","link":"https:\/\/migracao.redenoticia.com.br\/noticia\/2020\/novela-eramos-seis-carlos-descobre-que-alfredo-cometeu-um-crime\/187200","title":{"rendered":"Novela \u201c\u00c9ramos Seis\u201d: Carlos descobre que Alfredo cometeu um crime"},"content":{"rendered":"<p><img loading=\"lazy\" decoding=\"async\" src=\"https:\/\/migracao.redenoticia.com.br\/noticia\/imagens\/eramos-seis-resumo-noticia-novela-02-300x300.jpg\" alt=\"\" width=\"300\" height=\"300\" class=\"aligncenter size-large wp-image-182542\" srcset=\"https:\/\/migracao.redenoticia.com.br\/noticia\/imagens\/eramos-seis-resumo-noticia-novela-02-300x300.jpg 300w, https:\/\/migracao.redenoticia.com.br\/noticia\/imagens\/eramos-seis-resumo-noticia-novela-02-187x187.jpg 187w, https:\/\/migracao.redenoticia.com.br\/noticia\/imagens\/eramos-seis-resumo-noticia-novela-02.jpg 524w\" sizes=\"auto, (max-width: 300px) 100vw, 300px\" \/> <strong><em>Novela \u201c\u00c9ramos Seis\u201d:<\/em><\/strong> Os\u00f3rio (Nicola Siri) desconfia que est\u00e1 sendo roubado, confronta os funcion\u00e1rios e demite Ti\u00e3o (Izak Dahora) e Alfredo (Nicolas Prattes). O jovem conta para Lola (Gloria Pires) que foi demitido, mas esconde o motivo. Lola pede para Carlos (Danilo Mesquita) falar com Os\u00f3rio: &#8220;Estou com uma cisma de que Alfredo pode n\u00e3o ter contado a verdade. Ser\u00e1 que ele andou faltando ao servi\u00e7o? Ou com esse g\u00eanio terr\u00edvel, ser\u00e1 que maltratou algum cliente?&#8221;.<\/p>\n<p>Carlos descobre a verdade e Alfredo reclama: &#8220;N\u00e3o tinha nada que ir l\u00e1, se meteu na minha vida&#8221;. Carlos explica: &#8220;\u00c9 a minha obriga\u00e7\u00e3o, nossa m\u00e3e pediu. Ela coitada, sabe bem o filho que tem! Sem vergonha, n\u00e3o tem vergonha, cara&#8221;. Eles trocam agress\u00f5es e Clotilde (Simone Spoladore) grita: &#8220;Corre, Lola. Pelo amor de Deus, eles est\u00e3o se matando&#8221;. Lola diz: &#8220;Meus filhos, por Deus, n\u00e3o fa\u00e7am isso. Voc\u00eas me matam assim, me matam&#8221;. Cena prevista para dia 20 de janeiro na novela \u201c\u00c9ramos Seis\u201d.<\/p>\n<p>\u201c\u00c9ramos Seis\u201d: Casada com J\u00falio (Antonio Calloni), Lola (Gloria Pires) \u00e9 uma esposa devotada e m\u00e3e de quatro filhos: Carlos (Xande Valois\/ Danilo Mesquita), o mais velho e motivo de orgulho para os pais; Alfredo (Pedro Sol\/ Nicolas Prattes), rebelde que vive se metendo em confus\u00f5es e tem ci\u00fames do irm\u00e3o; Isabel (Maju Lima\/ Giullia Buscacio), determinada e independente, \u00e9 a favorita do pai &#8211; por ser a \u00fanica filha mulher; e Julinho (Davi de Oliveira\/ Andr\u00e9 Luiz Frambach), o ca\u00e7ula da fam\u00edlia &#8211; que desde crian\u00e7a demonstra habilidade para lidar com dinheiro.<\/p>\n<p>A hist\u00f3ria come\u00e7a com Lola e J\u00falio passando sufoco para poder pagar as parcelas do casar\u00e3o que compraram em S\u00e3o Paulo. O primeiro bem do casal sai mais caro do que eles previam por causa dos alt\u00edssimos juros do financiamento banc\u00e1rio. O im\u00f3vel acaba gerando um impasse entre eles: para ela, o local \u00e9 a alma da fam\u00edlia. Para ele, um empecilho para melhorar de vida.<\/p>\n","protected":false},"excerpt":{"rendered":"<p>Novela \u201c\u00c9ramos Seis\u201d: Os\u00f3rio (Nicola Siri) desconfia que est\u00e1 sendo roubado, confronta os funcion\u00e1rios e demite Ti\u00e3o (Izak Dahora) e Alfredo (Nicolas Prattes). O jovem conta para Lola (Gloria Pires) que foi demitido, mas esconde o motivo. Lola pede para Carlos (Danilo Mesquita) falar com Os\u00f3rio: &#8220;Estou com uma cisma de que Alfredo pode n\u00e3o [&hellip;]<\/p>\n","protected":false},"author":5,"featured_media":184321,"comment_status":"open","ping_status":"closed","sticky":false,"template":"","format":"standard","meta":{"tdm_status":"","tdm_grid_status":"","footnotes":""},"categories":[388,548,379,375,343],"tags":[440],"class_list":{"0":"post-187200","1":"post","2":"type-post","3":"status-publish","4":"format-standard","5":"has-post-thumbnail","7":"category-destaques","8":"category-eramos-seis","9":"category-novelas","10":"category-rede-globo","11":"category-televisao","12":"tag-noticia-novela"},"_links":{"self":[{"href":"https:\/\/migracao.redenoticia.com.br\/noticia\/wp-json\/wp\/v2\/posts\/187200","targetHints":{"allow":["GET"]}}],"collection":[{"href":"https:\/\/migracao.redenoticia.com.br\/noticia\/wp-json\/wp\/v2\/posts"}],"about":[{"href":"https:\/\/migracao.redenoticia.com.br\/noticia\/wp-json\/wp\/v2\/types\/post"}],"author":[{"embeddable":true,"href":"https:\/\/migracao.redenoticia.com.br\/noticia\/wp-json\/wp\/v2\/users\/5"}],"replies":[{"embeddable":true,"href":"https:\/\/migracao.redenoticia.com.br\/noticia\/wp-json\/wp\/v2\/comments?post=187200"}],"version-history":[{"count":0,"href":"https:\/\/migracao.redenoticia.com.br\/noticia\/wp-json\/wp\/v2\/posts\/187200\/revisions"}],"wp:featuredmedia":[{"embeddable":true,"href":"https:\/\/migracao.redenoticia.com.br\/noticia\/wp-json\/wp\/v2\/media\/184321"}],"wp:attachment":[{"href":"https:\/\/migracao.redenoticia.com.br\/noticia\/wp-json\/wp\/v2\/media?parent=187200"}],"wp:term":[{"taxonomy":"category","embeddable":true,"href":"https:\/\/migracao.redenoticia.com.br\/noticia\/wp-json\/wp\/v2\/categories?post=187200"},{"taxonomy":"post_tag","embeddable":true,"href":"https:\/\/migracao.redenoticia.com.br\/noticia\/wp-json\/wp\/v2\/tags?post=187200"}],"curies":[{"name":"wp","href":"https:\/\/api.w.org\/{rel}","templated":true}]}}