{"id":187204,"date":"2020-01-21T13:06:06","date_gmt":"2020-01-21T16:06:06","guid":{"rendered":"https:\/\/www.redenoticia.com.br\/noticia\/?p=187204"},"modified":"2020-01-21T13:47:17","modified_gmt":"2020-01-21T16:47:17","slug":"novela-bom-sucesso-vicente-e-gabriela-nao-conseguem-acampar-a-sos","status":"publish","type":"post","link":"https:\/\/migracao.redenoticia.com.br\/noticia\/2020\/novela-bom-sucesso-vicente-e-gabriela-nao-conseguem-acampar-a-sos\/187204","title":{"rendered":"Novela \u201cBom Sucesso\u201d: Vicente e Gabriela n\u00e3o conseguem acampar a s\u00f3s"},"content":{"rendered":"<p><img loading=\"lazy\" decoding=\"async\" src=\"https:\/\/migracao.redenoticia.com.br\/noticia\/imagens\/Bom-Sucesso-resumo-novela-00-300x300.jpg\" alt=\"\" width=\"300\" height=\"300\" class=\"aligncenter size-large wp-image-179426\" srcset=\"https:\/\/migracao.redenoticia.com.br\/noticia\/imagens\/Bom-Sucesso-resumo-novela-00-300x300.jpg 300w, https:\/\/migracao.redenoticia.com.br\/noticia\/imagens\/Bom-Sucesso-resumo-novela-00-187x187.jpg 187w, https:\/\/migracao.redenoticia.com.br\/noticia\/imagens\/Bom-Sucesso-resumo-novela-00.jpg 666w\" sizes=\"auto, (max-width: 300px) 100vw, 300px\" \/> <strong><em>Novela \u201cBom Sucesso\u201d:<\/em><\/strong> Gabriela (Giovanna Coimbra) e Vicente (Gabriel Contente) se preparam para acampar durante o Carnaval. Vicente mente para Eug\u00eania (Helena Fernandes) e diz que vai para um resort. Paloma (Grazi Massafera) permite, mas faz Alice (Bruna Inocencio) e Waguinho (Lucas Leto) participarem da aventura. Os dois casais se divertem e curtem a calma do local. <\/p>\n<p>Vicente fica a s\u00f3s com a amada e se declara: &#8220;Acampar, pescar, fazer trilha, ir no cinema, jogar basquete&#8230; Eu quero fazer tudo com voc\u00ea &#8230; eu quero ficar com voc\u00ea pra sempre, Gabs. Eu te amo&#8221;. Eles se beijam e observam as estrelas. Cena prevista para dia 21 de janeiro na novela \u201cBom Sucesso\u201d.<\/p>\n<p>\u201cBom Sucesso\u201d: a novela trata do valor de cada minuto da vida e traz a mensagem de perseveran\u00e7a, f\u00e9 e garra. Escrita por Rosane Svartman e Paulo Halm e com dire\u00e7\u00e3o art\u00edstica de Luiz Henrique Rios, a sucessora de Ver\u00e3o 90 apresenta a hist\u00f3ria de Paloma (Grazi Massafera), uma mulher determinada, sonhadora e com uma f\u00e9 inabal\u00e1vel.<\/p>\n<p>Costureira, ela trabalha e cria tr\u00eas filhos sozinha. Mora no bairro de Bonsucesso, no sub\u00farbio do Rio de Janeiro, e ama frequentar a quadra da escola de samba da regi\u00e3o, a Unidos de Bom Sucesso. Apesar da dura rotina, Paloma consegue manter uma grande paix\u00e3o: a leitura. E, ao mergulhar no universo dos livros, se transporta para os mundos fant\u00e1sticos que as hist\u00f3rias proporcionam.<\/p>\n","protected":false},"excerpt":{"rendered":"<p>Novela \u201cBom Sucesso\u201d: Gabriela (Giovanna Coimbra) e Vicente (Gabriel Contente) se preparam para acampar durante o Carnaval. Vicente mente para Eug\u00eania (Helena Fernandes) e diz que vai para um resort. Paloma (Grazi Massafera) permite, mas faz Alice (Bruna Inocencio) e Waguinho (Lucas Leto) participarem da aventura. Os dois casais se divertem e curtem a calma [&hellip;]<\/p>\n","protected":false},"author":5,"featured_media":179425,"comment_status":"open","ping_status":"closed","sticky":false,"template":"","format":"standard","meta":{"tdm_status":"","tdm_grid_status":"","footnotes":""},"categories":[546,388,379,375,343],"tags":[440],"class_list":{"0":"post-187204","1":"post","2":"type-post","3":"status-publish","4":"format-standard","5":"has-post-thumbnail","7":"category-bom-sucesso","8":"category-destaques","9":"category-novelas","10":"category-rede-globo","11":"category-televisao","12":"tag-noticia-novela"},"_links":{"self":[{"href":"https:\/\/migracao.redenoticia.com.br\/noticia\/wp-json\/wp\/v2\/posts\/187204","targetHints":{"allow":["GET"]}}],"collection":[{"href":"https:\/\/migracao.redenoticia.com.br\/noticia\/wp-json\/wp\/v2\/posts"}],"about":[{"href":"https:\/\/migracao.redenoticia.com.br\/noticia\/wp-json\/wp\/v2\/types\/post"}],"author":[{"embeddable":true,"href":"https:\/\/migracao.redenoticia.com.br\/noticia\/wp-json\/wp\/v2\/users\/5"}],"replies":[{"embeddable":true,"href":"https:\/\/migracao.redenoticia.com.br\/noticia\/wp-json\/wp\/v2\/comments?post=187204"}],"version-history":[{"count":0,"href":"https:\/\/migracao.redenoticia.com.br\/noticia\/wp-json\/wp\/v2\/posts\/187204\/revisions"}],"wp:featuredmedia":[{"embeddable":true,"href":"https:\/\/migracao.redenoticia.com.br\/noticia\/wp-json\/wp\/v2\/media\/179425"}],"wp:attachment":[{"href":"https:\/\/migracao.redenoticia.com.br\/noticia\/wp-json\/wp\/v2\/media?parent=187204"}],"wp:term":[{"taxonomy":"category","embeddable":true,"href":"https:\/\/migracao.redenoticia.com.br\/noticia\/wp-json\/wp\/v2\/categories?post=187204"},{"taxonomy":"post_tag","embeddable":true,"href":"https:\/\/migracao.redenoticia.com.br\/noticia\/wp-json\/wp\/v2\/tags?post=187204"}],"curies":[{"name":"wp","href":"https:\/\/api.w.org\/{rel}","templated":true}]}}