{"id":1873,"date":"2009-05-21T16:55:07","date_gmt":"2009-05-21T20:55:07","guid":{"rendered":"http:\/\/www.redenoticia.com.br\/noticia\/?p=1873"},"modified":"2009-05-21T16:55:07","modified_gmt":"2009-05-21T20:55:07","slug":"projovem-urbano-oferece-1500-vagas-em-porto-velho","status":"publish","type":"post","link":"https:\/\/migracao.redenoticia.com.br\/noticia\/2009\/projovem-urbano-oferece-1500-vagas-em-porto-velho\/1873","title":{"rendered":"Projovem Urbano oferece 1.500 vagas em Porto Velho"},"content":{"rendered":"<p><span>O Projovem Urbano est\u00e1 com matr\u00edculas abertas at\u00e9 o final do m\u00eas de junho na capital de Rond\u00f4nia, Porto Velho. A Prefeitura da cidade est\u00e1 oferecendo 1.500 vagas e para se matricular basta que o jovem apresente a carteira de identidade ou a certid\u00e3o de nascimento e o hist\u00f3rico escolar, se tiver. Caso n\u00e3o possua o documento, o jovem faz um pequeno teste, apenas para comprovar que sabe ler e escrever.<\/span><\/p>\n<p><span>\u00a0<\/span><\/p>\n<p><span>Com dura\u00e7\u00e3o de 18 meses, o Programa \u00e9 uma parceria do governo federal com os governos estaduais e municipais e destina-se a jovens de 18 a 29 anos, que sabem ler e escrever e n\u00e3o conclu\u00edram o ensino fundamental.<\/span><\/p>\n<p><span>\u00a0<\/span><\/p>\n<p><span>O Projovem Urbano \u00e9 coordenado pela Secretaria Nacional de Juventude, vinculada \u00e0 Secretaria-Geral da Presid\u00eancia da Rep\u00fablica, e sua execu\u00e7\u00e3o fica a cargo do governo estadual ou municipal. Nas cidades com mais de 200 mil habitantes a parceria \u00e9 feita com as prefeituras, j\u00e1 naquelas com popula\u00e7\u00e3o inferior a 200 mil habitantes, a parceria \u00e9 realizada com o governo do estado.<\/span><\/p>\n<p><span><span>\u00a0<\/span><\/span><\/p>\n<p><span>A primeira etapa nacional de matr\u00edculas ocorreu de julho a agosto de 2008 e registrou mais de 90<span>\u00a0<\/span>mil jovens matriculados em\u00a0<span>24 munic\u00edpios com mais de 200 mil habitantes e em cidades menores do estado de Goi\u00e1s. A segunda etapa, encerrada no \u00faltimo m\u00eas de mar\u00e7o, matriculou outros 160 mil jovens em 55 munic\u00edpios e 16 estados. A meta da Secretaria Nacional de Juventude \u00e9 alcan\u00e7ar, at\u00e9 o final do ano, pelo menos 277 mil jovens em todo o Brasil. Para isso, est\u00e3o previstas outras duas entradas do Programa ainda em 2009.<\/span><\/span><\/p>\n<p><span>\u00a0<\/span><\/p>\n<p><span>O Projovem Urbano combina a forma\u00e7\u00e3o do ensino fundamental com inicia\u00e7\u00e3o profissional e pr\u00e1ticas de cidadania, al\u00e9m da inclus\u00e3o digital. O aluno tamb\u00e9m recebe um aux\u00edlio mensal de R<span>$ 100,00<\/span>\u00a0que ser\u00e1 pago mediante a entrega dos trabalhos escolares e freq\u00fc\u00eancia de 75% \u00e0s aulas.<\/span><\/p>\n<p><span>\u00a0Para saber os locais de matr\u00edcula e outras informa\u00e7\u00f5es basta ligar para o telefone 0800 722 7777, que funciona de segunda a sexta-feira, das 7h \u00e0s 23h, al\u00e9m de s\u00e1bados, domingos e feriados, das 8h \u00e0s 20h.<\/span><\/p>\n","protected":false},"excerpt":{"rendered":"<p>O Projovem Urbano est\u00e1 com matr\u00edculas abertas at\u00e9 o final do m\u00eas de junho na capital de Rond\u00f4nia, Porto Velho. A Prefeitura da cidade est\u00e1 oferecendo 1.500 vagas e para se matricular basta que o jovem apresente a carteira de identidade ou a certid\u00e3o de nascimento e o hist\u00f3rico escolar, se tiver. Caso n\u00e3o possua [&hellip;]<\/p>\n","protected":false},"author":2,"featured_media":0,"comment_status":"open","ping_status":"open","sticky":false,"template":"","format":"standard","meta":{"tdm_status":"","tdm_grid_status":"","footnotes":""},"categories":[22],"tags":[],"class_list":{"0":"post-1873","1":"post","2":"type-post","3":"status-publish","4":"format-standard","6":"category-brasil"},"_links":{"self":[{"href":"https:\/\/migracao.redenoticia.com.br\/noticia\/wp-json\/wp\/v2\/posts\/1873","targetHints":{"allow":["GET"]}}],"collection":[{"href":"https:\/\/migracao.redenoticia.com.br\/noticia\/wp-json\/wp\/v2\/posts"}],"about":[{"href":"https:\/\/migracao.redenoticia.com.br\/noticia\/wp-json\/wp\/v2\/types\/post"}],"author":[{"embeddable":true,"href":"https:\/\/migracao.redenoticia.com.br\/noticia\/wp-json\/wp\/v2\/users\/2"}],"replies":[{"embeddable":true,"href":"https:\/\/migracao.redenoticia.com.br\/noticia\/wp-json\/wp\/v2\/comments?post=1873"}],"version-history":[{"count":0,"href":"https:\/\/migracao.redenoticia.com.br\/noticia\/wp-json\/wp\/v2\/posts\/1873\/revisions"}],"wp:attachment":[{"href":"https:\/\/migracao.redenoticia.com.br\/noticia\/wp-json\/wp\/v2\/media?parent=1873"}],"wp:term":[{"taxonomy":"category","embeddable":true,"href":"https:\/\/migracao.redenoticia.com.br\/noticia\/wp-json\/wp\/v2\/categories?post=1873"},{"taxonomy":"post_tag","embeddable":true,"href":"https:\/\/migracao.redenoticia.com.br\/noticia\/wp-json\/wp\/v2\/tags?post=1873"}],"curies":[{"name":"wp","href":"https:\/\/api.w.org\/{rel}","templated":true}]}}