{"id":187374,"date":"2020-01-20T12:04:08","date_gmt":"2020-01-20T15:04:08","guid":{"rendered":"https:\/\/www.redenoticia.com.br\/noticia\/?p=187374"},"modified":"2020-01-20T12:04:08","modified_gmt":"2020-01-20T15:04:08","slug":"resumo-novela-abismo-de-paixao-21-01-ramiro-tenta-matar-padre-lupe","status":"publish","type":"post","link":"https:\/\/migracao.redenoticia.com.br\/noticia\/2020\/resumo-novela-abismo-de-paixao-21-01-ramiro-tenta-matar-padre-lupe\/187374","title":{"rendered":"Resumo novela \u201cAbismo de Paix\u00e3o\u201d 21\/01: Ramiro tenta matar Padre Lupe"},"content":{"rendered":"<p><img loading=\"lazy\" decoding=\"async\" class=\"aligncenter size-large wp-image-181127\" src=\"https:\/\/migracao.redenoticia.com.br\/noticia\/imagens\/abismo-de-paixao-sbt-resumo-327x300.jpg\" alt=\"\" width=\"327\" height=\"300\" srcset=\"https:\/\/migracao.redenoticia.com.br\/noticia\/imagens\/abismo-de-paixao-sbt-resumo-327x300.jpg 327w, https:\/\/migracao.redenoticia.com.br\/noticia\/imagens\/abismo-de-paixao-sbt-resumo-204x187.jpg 204w, https:\/\/migracao.redenoticia.com.br\/noticia\/imagens\/abismo-de-paixao-sbt-resumo.jpg 426w\" sizes=\"auto, (max-width: 327px) 100vw, 327px\" \/><\/p>\n<p><strong><em>Resumo da novela \u201cAbismo de Paix\u00e3o\u201d<\/em><\/strong> em 21\/01: no cap\u00edtulo 106(*) da novela, ter\u00e7a-feira, 21 de janeiro, Ramiro diz a Carmem que matar\u00e1 o Padre Lupe, para que ela se sinta mais tranquila, Carmem sorri e agradece. Ramiro diz a Carmem que estar\u00e1 sempre a seu lado. Br\u00e1ulio pede a Vicente que o perdoe por todo mal que possa ter lhe causado, que tudo foi por excesso de cuidado, pois o ama como se fosse seu pai de sangue. Vicente se surpreende quando Br\u00e1ulio diz que se casar\u00e1 com Dolores e pede a ele que n\u00e3o o fa\u00e7a, pois Ant\u00f4nia se sentir\u00e1 extremamente triste.<\/p>\n<p>Na casa de Edmundo, Gael fica desconcertado ao descobrir que o filho que Paloma espera \u00e9 dele. Dami\u00e3o pede ao Padre Guadalupe que procure pelos papeis do seguro de sua m\u00e3e. Gael pede a m\u00e3o de Paloma, mas Ramona nega e diz que agora j\u00e1 \u00e9 muito tarde para arrependimentos, e Paloma j\u00e1 n\u00e3o deseja mais estar com ele por tudo que j\u00e1 a fez sofrer. Padre Guadalupe se d\u00e1 conta que Almerinda escondeu por muito tempo o testamento original de Rog\u00e9rio, onde ele deixa como seus \u00fanicos herdeiros, Dami\u00e3o e Gael. Gael pede Elisa que conven\u00e7a Ramona a permitir que ele e Paloma se casem.<\/p>\n<p>Edmundo diz a Flor\u00eancia que encontraram o corpo de seu tio, ela se surpreende e chora. Ramiro tenta atropelar, mas Gael se d\u00e1 conta e consegue impedir. Ramiro foge e Gael diz ao padre quais eram as inten\u00e7\u00f5es de Ramiro. Carmem, ao saber do insucesso da a\u00e7\u00e3o, fica furiosa. Gael discute com Paloma por ela ter ocultado que esperava um filho dele, e diz que estar\u00e1 junto dela de agora em diante, mas Paloma diz que isso n\u00e3o pode ser, pois ele ama e quer estar com Elisa. Br\u00e1ulio diz a Dolores que ir\u00e3o viver na casinha que ele acabou de comprar, mas ela se nega. Gael promete a Elisa que n\u00e3o poupar\u00e1 esfor\u00e7os para estar com Paloma, Elisa diz que confia nele e em Paloma, e sabe que tomar\u00e3o a decis\u00e3o correta.<\/p>\n<p>(*) edi\u00e7\u00e3o do SBT, Novela \u201cAbismo de Paix\u00e3o\u201d, sujeito a altera\u00e7\u00e3o de data e conte\u00fado.<\/p>\n<p>&#8220;Abismo de Paix\u00e3o&#8221;- Augusto Casta\u00f1\u00f3n (Alejandro Camacho) e Estef\u00e2nia Bouvier de Casta\u00f1\u00f3n (Ludwika Paleta) s\u00e3o pais de Elisa (Angelique Boyer). Com eles vive Carmen Bouvier (Sabine Moussier), irm\u00e3 mais velha de Estef\u00e2nia e que vai fugir do povoado com Rog\u00e9rio Arango (C\u00e9sar \u00c9vora), esposo de Almerinda Arango (Blanca Guerra) e pai de Dami\u00e3o (David Zepeda), melhor amigo de Elisa. Almerinda descobre e alerta a Augusto.<\/p>\n<p>Por sua parte, Estef\u00e2nia tenta impedir Rog\u00e9rio a n\u00e3o abandonar sua fam\u00edlia, mas devido ao intemp\u00e9rie da chuva, ambos morrem em um acidente de carro. Carmem aproveita o fato para fazer Augusto acreditar que sua esposa era infiel. Augusto, por despeito, casa-se com Carmem, apesar de n\u00e3o estar apaixonado por ela e nem am\u00e1-la. Carmem est\u00e1 gr\u00e1vida de Rog\u00e9rio, mas mente para Augusto, dizendo que o filho \u00e9 dele. <\/p>\n<p>Querendo bater em Elisa, Carmem escorrega e cai na piscina da casa, causando morte s\u00fabita ao beb\u00ea. Por sua parte, Almerinda decide mandar a Dami\u00e3o para fora do povoado a estudar para separ\u00e1-lo de Elisa de quem \u00e9 muito amigo, amizade que ela n\u00e3o v\u00ea com bons olhos, ap\u00f3s inocentemente os dois fugirem juntos.<\/p>\n","protected":false},"excerpt":{"rendered":"<p>Resumo da novela \u201cAbismo de Paix\u00e3o\u201d em 21\/01: no cap\u00edtulo 106(*) da novela, ter\u00e7a-feira, 21 de janeiro, Ramiro diz a Carmem que matar\u00e1 o Padre Lupe, para que ela se sinta mais tranquila, Carmem sorri e agradece. Ramiro diz a Carmem que estar\u00e1 sempre a seu lado. Br\u00e1ulio pede a Vicente que o perdoe por [&hellip;]<\/p>\n","protected":false},"author":4,"featured_media":181126,"comment_status":"open","ping_status":"closed","sticky":false,"template":"","format":"standard","meta":{"tdm_status":"","tdm_grid_status":"","footnotes":""},"categories":[379,372,343],"tags":[441],"class_list":{"0":"post-187374","1":"post","2":"type-post","3":"status-publish","4":"format-standard","5":"has-post-thumbnail","7":"category-novelas","8":"category-sbt","9":"category-televisao","10":"tag-resumo-do-dia"},"_links":{"self":[{"href":"https:\/\/migracao.redenoticia.com.br\/noticia\/wp-json\/wp\/v2\/posts\/187374","targetHints":{"allow":["GET"]}}],"collection":[{"href":"https:\/\/migracao.redenoticia.com.br\/noticia\/wp-json\/wp\/v2\/posts"}],"about":[{"href":"https:\/\/migracao.redenoticia.com.br\/noticia\/wp-json\/wp\/v2\/types\/post"}],"author":[{"embeddable":true,"href":"https:\/\/migracao.redenoticia.com.br\/noticia\/wp-json\/wp\/v2\/users\/4"}],"replies":[{"embeddable":true,"href":"https:\/\/migracao.redenoticia.com.br\/noticia\/wp-json\/wp\/v2\/comments?post=187374"}],"version-history":[{"count":0,"href":"https:\/\/migracao.redenoticia.com.br\/noticia\/wp-json\/wp\/v2\/posts\/187374\/revisions"}],"wp:featuredmedia":[{"embeddable":true,"href":"https:\/\/migracao.redenoticia.com.br\/noticia\/wp-json\/wp\/v2\/media\/181126"}],"wp:attachment":[{"href":"https:\/\/migracao.redenoticia.com.br\/noticia\/wp-json\/wp\/v2\/media?parent=187374"}],"wp:term":[{"taxonomy":"category","embeddable":true,"href":"https:\/\/migracao.redenoticia.com.br\/noticia\/wp-json\/wp\/v2\/categories?post=187374"},{"taxonomy":"post_tag","embeddable":true,"href":"https:\/\/migracao.redenoticia.com.br\/noticia\/wp-json\/wp\/v2\/tags?post=187374"}],"curies":[{"name":"wp","href":"https:\/\/api.w.org\/{rel}","templated":true}]}}