{"id":187388,"date":"2020-01-20T13:07:18","date_gmt":"2020-01-20T16:07:18","guid":{"rendered":"https:\/\/www.redenoticia.com.br\/noticia\/?p=187388"},"modified":"2020-01-20T13:07:18","modified_gmt":"2020-01-20T16:07:18","slug":"resumo-novela-bom-sucesso-21-01-alberto-implora-para-ir-ao-sambodromo","status":"publish","type":"post","link":"https:\/\/migracao.redenoticia.com.br\/noticia\/2020\/resumo-novela-bom-sucesso-21-01-alberto-implora-para-ir-ao-sambodromo\/187388","title":{"rendered":"Resumo novela \u201cBom Sucesso\u201d 21\/01: Alberto implora para ir ao samb\u00f3dromo"},"content":{"rendered":"<p><img loading=\"lazy\" decoding=\"async\" class=\"aligncenter size-large wp-image-179427\" src=\"https:\/\/migracao.redenoticia.com.br\/noticia\/imagens\/Bom-Sucesso-resumo-novela-04-400x243.jpg\" alt=\"\" width=\"400\" height=\"243\" srcset=\"https:\/\/migracao.redenoticia.com.br\/noticia\/imagens\/Bom-Sucesso-resumo-novela-04-400x243.jpg 400w, https:\/\/migracao.redenoticia.com.br\/noticia\/imagens\/Bom-Sucesso-resumo-novela-04-250x152.jpg 250w, https:\/\/migracao.redenoticia.com.br\/noticia\/imagens\/Bom-Sucesso-resumo-novela-04-768x467.jpg 768w, https:\/\/migracao.redenoticia.com.br\/noticia\/imagens\/Bom-Sucesso-resumo-novela-04-696x423.jpg 696w, https:\/\/migracao.redenoticia.com.br\/noticia\/imagens\/Bom-Sucesso-resumo-novela-04.jpg 884w\" sizes=\"auto, (max-width: 400px) 100vw, 400px\" \/><\/p>\n<p><em><strong>Resumo novela \u201cBom Sucesso\u201d 21\/01<\/strong><\/em>: no cap\u00edtulo 152(*) da novela, ter\u00e7a-feira, 21 de janeiro, Ramon e Francisca se surpreendem com a presen\u00e7a de Padre Paulo e alguns fi\u00e9is da igreja na viagem. Vera combina com Vicente de dizer aos pais do neto que ele viajar\u00e1 para um resort com Gabriela. Ramon e Francisca s\u00e3o obrigados a participar da gincana da igreja.<\/p>\n<p>Lulu ganha a promo\u00e7\u00e3o do Boka Loka pra assistir ao desfile de camarote, e convida Toshi para acompanh\u00e1-la. Alberto pede a Vera para ajud\u00e1-lo a fugir do hospital. Paloma se entristece porque Marcos n\u00e3o poder\u00e1 v\u00ea-la na avenida. Alberto implora a Nana e Vera para deix\u00e1-lo ir ao samb\u00f3dromo desfilar no seu \u00faltimo Carnaval.<\/p>\n<p>(*) edi\u00e7\u00e3o da Rede Globo, Novela \u201cBom Sucesso\u201d, sujeito a altera\u00e7\u00e3o de data e conte\u00fado.<\/p>\n<p>Sinopse \u201cBom Sucesso\u201d: a novela trata do valor de cada minuto da vida e traz a mensagem de perseveran\u00e7a, f\u00e9 e garra. Escrita por Rosane Svartman e Paulo Halm e com dire\u00e7\u00e3o art\u00edstica de Luiz Henrique Rios, a sucessora de Ver\u00e3o 90 apresenta a hist\u00f3ria de Paloma (Grazi Massafera), uma mulher determinada, sonhadora e com uma f\u00e9 inabal\u00e1vel.<\/p>\n<p>Costureira, ela trabalha e cria tr\u00eas filhos sozinha. Mora no bairro de Bonsucesso, no sub\u00farbio do Rio de Janeiro, e ama frequentar a quadra da escola de samba da regi\u00e3o, a Unidos de Bom Sucesso. Apesar da dura rotina, Paloma consegue manter uma grande paix\u00e3o: a leitura. E, ao mergulhar no universo dos livros, se transporta para os mundos fant\u00e1sticos que as hist\u00f3rias proporcionam.<\/p>\n","protected":false},"excerpt":{"rendered":"<p>Resumo novela \u201cBom Sucesso\u201d 21\/01: no cap\u00edtulo 152(*) da novela, ter\u00e7a-feira, 21 de janeiro, Ramon e Francisca se surpreendem com a presen\u00e7a de Padre Paulo e alguns fi\u00e9is da igreja na viagem. Vera combina com Vicente de dizer aos pais do neto que ele viajar\u00e1 para um resort com Gabriela. Ramon e Francisca s\u00e3o obrigados [&hellip;]<\/p>\n","protected":false},"author":4,"featured_media":179426,"comment_status":"open","ping_status":"closed","sticky":false,"template":"","format":"standard","meta":{"tdm_status":"","tdm_grid_status":"","footnotes":""},"categories":[546,379,375,343],"tags":[441],"class_list":{"0":"post-187388","1":"post","2":"type-post","3":"status-publish","4":"format-standard","5":"has-post-thumbnail","7":"category-bom-sucesso","8":"category-novelas","9":"category-rede-globo","10":"category-televisao","11":"tag-resumo-do-dia"},"_links":{"self":[{"href":"https:\/\/migracao.redenoticia.com.br\/noticia\/wp-json\/wp\/v2\/posts\/187388","targetHints":{"allow":["GET"]}}],"collection":[{"href":"https:\/\/migracao.redenoticia.com.br\/noticia\/wp-json\/wp\/v2\/posts"}],"about":[{"href":"https:\/\/migracao.redenoticia.com.br\/noticia\/wp-json\/wp\/v2\/types\/post"}],"author":[{"embeddable":true,"href":"https:\/\/migracao.redenoticia.com.br\/noticia\/wp-json\/wp\/v2\/users\/4"}],"replies":[{"embeddable":true,"href":"https:\/\/migracao.redenoticia.com.br\/noticia\/wp-json\/wp\/v2\/comments?post=187388"}],"version-history":[{"count":0,"href":"https:\/\/migracao.redenoticia.com.br\/noticia\/wp-json\/wp\/v2\/posts\/187388\/revisions"}],"wp:featuredmedia":[{"embeddable":true,"href":"https:\/\/migracao.redenoticia.com.br\/noticia\/wp-json\/wp\/v2\/media\/179426"}],"wp:attachment":[{"href":"https:\/\/migracao.redenoticia.com.br\/noticia\/wp-json\/wp\/v2\/media?parent=187388"}],"wp:term":[{"taxonomy":"category","embeddable":true,"href":"https:\/\/migracao.redenoticia.com.br\/noticia\/wp-json\/wp\/v2\/categories?post=187388"},{"taxonomy":"post_tag","embeddable":true,"href":"https:\/\/migracao.redenoticia.com.br\/noticia\/wp-json\/wp\/v2\/tags?post=187388"}],"curies":[{"name":"wp","href":"https:\/\/api.w.org\/{rel}","templated":true}]}}