{"id":1874,"date":"2009-05-21T21:20:05","date_gmt":"2009-05-22T01:20:05","guid":{"rendered":"http:\/\/www.redenoticia.com.br\/noticia\/?p=1874"},"modified":"2009-05-21T21:20:05","modified_gmt":"2009-05-22T01:20:05","slug":"carta-da-representante-de-ensino-de-ji-parana-aos-atletas-do-jem%e2%80%99s-2009","status":"publish","type":"post","link":"https:\/\/migracao.redenoticia.com.br\/noticia\/2009\/carta-da-representante-de-ensino-de-ji-parana-aos-atletas-do-jem%e2%80%99s-2009\/1874","title":{"rendered":"Carta da Representante de Ensino de Ji-Paran\u00e1 aos atletas do JEM\u2019s 2009"},"content":{"rendered":"<p><span style=\"font-family: Arial;\">Houve um tempo em que os jovens tinham apenas o direito de se calarem, mas o sil\u00eancio foi rompido por aqueles que corajosamente sonharam com um pa\u00eds livre e democr\u00e1tico.<\/span><\/p>\n<p class=\"MsoNormal\"><span style=\"font-family: Arial;\"><span> <\/span><span> <\/span>Hoje vivemos em uma liberdade de direitos e deveres no processo de cidadania plena e vigorosa. Portanto, desejo aos participantes dos Jogos Escolares Municipais uma competi\u00e7\u00e3o justa, \u00e9tica, assegurando e prevalecendo os princ\u00edpios de amor, verdade e justi\u00e7a no que reza os valores s\u00f3cio-educativos e o equil\u00edbrio do saber competir com equidade, seja no momento da vit\u00f3ria ou da derrota entre as equipes que est\u00e3o em disputa. <\/span><\/p>\n<p class=\"MsoNormal\"><span style=\"font-family: Arial;\"><span> <\/span>Vencer n\u00e3o \u00e9 o melhor do jogo, mas admitir que o oponente possa dar o lance perfeito \u00e9 aprender com sabedoria que nem sempre somos os melhores, e que competir \u00e9 realmente o valor maior para uma conquista s\u00e1bia no processo do conhecimento da viv\u00eancia com o outro em sociedade.<\/span><\/p>\n<p class=\"MsoNormal\"><span style=\"font-family: Arial;\"><span> <\/span>Quero parabenizar todos que participam desse evento: SEMED\/Prefeitura Municipal de Ji-Paran\u00e1, profissionais da \u00e1rea pelo desempenho e compromisso de suas fun\u00e7\u00f5es no caminho da constru\u00e7\u00e3o desses saberes que ajudam no processo das rela\u00e7\u00f5es interpessoais entre grupos com vontades e altru\u00edsmo pares, aos alunos, que s\u00e3o os verdadeiros protagonistas desse espet\u00e1culo que tanto nos honra. Parab\u00e9ns! Parab\u00e9ns! E que esta festa seja jubilosa para todos.<\/span><\/p>\n<p class=\"MsoNormal\"><span style=\"font-family: Arial;\"> <\/span><\/p>\n<p class=\"MsoNormal\"><span style=\"font-family: Arial;\"> <\/span><\/p>\n<p class=\"MsoNormal\"><span style=\"font-family: Arial;\"> <\/span><\/p>\n<p class=\"MsoNormal\"><em><span style=\"font-family: Arial;\">Muito Obrigada<\/span><\/em><span style=\"font-family: Arial;\">!<\/span><\/p>\n<p class=\"MsoNormal\"><span style=\"font-family: Arial;\">Syneide Grahl muller<\/span><\/p>\n<p class=\"MsoNormal\"><span style=\"font-family: Arial;\">Representante de Ensino de Ji-Paran\u00e1<span><\/span><\/span><\/p>\n","protected":false},"excerpt":{"rendered":"<p>Houve um tempo em que os jovens tinham apenas o direito de se calarem, mas o sil\u00eancio foi rompido por aqueles que corajosamente sonharam com um pa\u00eds livre e democr\u00e1tico. Hoje vivemos em uma liberdade de direitos e deveres no processo de cidadania plena e vigorosa. Portanto, desejo aos participantes dos Jogos Escolares Municipais uma [&hellip;]<\/p>\n","protected":false},"author":3,"featured_media":0,"comment_status":"open","ping_status":"open","sticky":false,"template":"","format":"standard","meta":{"tdm_status":"","tdm_grid_status":"","footnotes":""},"categories":[22],"tags":[],"class_list":{"0":"post-1874","1":"post","2":"type-post","3":"status-publish","4":"format-standard","6":"category-brasil"},"_links":{"self":[{"href":"https:\/\/migracao.redenoticia.com.br\/noticia\/wp-json\/wp\/v2\/posts\/1874","targetHints":{"allow":["GET"]}}],"collection":[{"href":"https:\/\/migracao.redenoticia.com.br\/noticia\/wp-json\/wp\/v2\/posts"}],"about":[{"href":"https:\/\/migracao.redenoticia.com.br\/noticia\/wp-json\/wp\/v2\/types\/post"}],"author":[{"embeddable":true,"href":"https:\/\/migracao.redenoticia.com.br\/noticia\/wp-json\/wp\/v2\/users\/3"}],"replies":[{"embeddable":true,"href":"https:\/\/migracao.redenoticia.com.br\/noticia\/wp-json\/wp\/v2\/comments?post=1874"}],"version-history":[{"count":0,"href":"https:\/\/migracao.redenoticia.com.br\/noticia\/wp-json\/wp\/v2\/posts\/1874\/revisions"}],"wp:attachment":[{"href":"https:\/\/migracao.redenoticia.com.br\/noticia\/wp-json\/wp\/v2\/media?parent=1874"}],"wp:term":[{"taxonomy":"category","embeddable":true,"href":"https:\/\/migracao.redenoticia.com.br\/noticia\/wp-json\/wp\/v2\/categories?post=1874"},{"taxonomy":"post_tag","embeddable":true,"href":"https:\/\/migracao.redenoticia.com.br\/noticia\/wp-json\/wp\/v2\/tags?post=1874"}],"curies":[{"name":"wp","href":"https:\/\/api.w.org\/{rel}","templated":true}]}}