{"id":187499,"date":"2020-01-27T16:44:24","date_gmt":"2020-01-27T19:44:24","guid":{"rendered":"https:\/\/www.redenoticia.com.br\/noticia\/?p=187499"},"modified":"2020-01-27T19:09:37","modified_gmt":"2020-01-27T22:09:37","slug":"novela-avenida-brasil-nilo-poe-fogo-no-barraco-de-lucinda","status":"publish","type":"post","link":"https:\/\/migracao.redenoticia.com.br\/noticia\/2020\/novela-avenida-brasil-nilo-poe-fogo-no-barraco-de-lucinda\/187499","title":{"rendered":"Novela \u201cAvenida Brasil\u201d: Nilo p\u00f5e fogo no barraco de Lucinda"},"content":{"rendered":"<p><img loading=\"lazy\" decoding=\"async\" src=\"https:\/\/migracao.redenoticia.com.br\/noticia\/imagens\/avenida-brasil-logo-300x300.jpg\" alt=\"\" width=\"300\" height=\"300\" class=\"aligncenter size-large wp-image-182544\" srcset=\"https:\/\/migracao.redenoticia.com.br\/noticia\/imagens\/avenida-brasil-logo-300x300.jpg 300w, https:\/\/migracao.redenoticia.com.br\/noticia\/imagens\/avenida-brasil-logo-187x187.jpg 187w, https:\/\/migracao.redenoticia.com.br\/noticia\/imagens\/avenida-brasil-logo.jpg 580w\" sizes=\"auto, (max-width: 300px) 100vw, 300px\" \/> <strong><em>Novela \u201cAvenida Brasil\u201d:<\/em><\/strong> Nilo (Jos\u00e9 de Abreu) descobre que Nina (D\u00e9bora Falabella) roubou o dinheiro do sequestro de Carminha (Adriana Esteves) e deduz que Lucinda (Vera Holtz) guarda a bolada no lix\u00e3o. Nilo descobre que Lucinda enterrou o dinheiro no galinheiro. Em meio a uma briga, o vil\u00e3o diz que ir\u00e1 contar para Carminha. O vil\u00e3o arma um esquema com Pez\u00e3o e promete dividir o dinheiro. Lucinda sai para visitar um amigo, eles chegam ao galinheiro e cavam com uma p\u00e1, mas n\u00e3o acham a bolada. As crian\u00e7as observam a a\u00e7\u00e3o pelas frestas. Nilo invade o barraco furioso e procura m\u00e3e Lucinda. <\/p>\n<p>As crian\u00e7as come\u00e7am a gritar. Com raiva, Nilo tira o isqueiro do bolso, acende um pano de prato e o joga no lixo, que incendeia: &#8220;T\u00e1 frio, hoje! N\u00e3o querem se esquentar, n\u00e3o?! J\u00e1 sei! T\u00e3o com medo de vir aqui, n\u00e9? Tem problema, n\u00e3o. Logo, logo vai t\u00e1 quentinho a\u00ed tamb\u00e9m! Corre, crian\u00e7ada! Vai ver l\u00e1 de fora que bonito, a casa de voc\u00eas pegando fogo! \u00ca, que beleza! Diz a\u00ed, Pez\u00e3o, se a Lucinda vai mexer comigo de novo, hein?!&#8221;<\/p>\n<p>Desesperadas, as crian\u00e7as pedem ajuda e Nilo sai correndo. Pez\u00e3o d\u00e1 um chute no velho. Cena prevista para fevereiro na novela \u201cAvenida Brasil\u201d.<\/p>\n<p>\u201cAvenida Brasil\u201d: a hist\u00f3ria de uma jovem que, desde os 11 anos, planeja um acerto de contas com a madrasta. Rita (Mel Maia), \u00f3rf\u00e3 de m\u00e3e, era criada, com muito amor, pelo pai Gen\u00e9sio (Tony Ramos). Tudo muda quando ele se casa com Carmen L\u00facia, a Carminha (Adriana Esteves), uma mulher ambiciosa e dissimulada. Com Gen\u00e9sio, ela se passava por esposa doce e dedicada; com Rita, era uma madrasta m\u00e1.<\/p>\n<p>A menina entra em desespero ao descobrir, ap\u00f3s ouvir uma conversa da madrasta ao telefone, que Carminha est\u00e1 armando um golpe contra seu pai: ele ser\u00e1 abordado na sa\u00edda do banco, logo ap\u00f3s receber o pagamento pela venda da casa onde mora com a filha e a nova esposa.<\/p>\n","protected":false},"excerpt":{"rendered":"<p>Novela \u201cAvenida Brasil\u201d: Nilo (Jos\u00e9 de Abreu) descobre que Nina (D\u00e9bora Falabella) roubou o dinheiro do sequestro de Carminha (Adriana Esteves) e deduz que Lucinda (Vera Holtz) guarda a bolada no lix\u00e3o. Nilo descobre que Lucinda enterrou o dinheiro no galinheiro. Em meio a uma briga, o vil\u00e3o diz que ir\u00e1 contar para Carminha. O [&hellip;]<\/p>\n","protected":false},"author":5,"featured_media":182543,"comment_status":"open","ping_status":"closed","sticky":false,"template":"","format":"standard","meta":{"tdm_status":"","tdm_grid_status":"","footnotes":""},"categories":[549,388,379,375,343],"tags":[440],"class_list":{"0":"post-187499","1":"post","2":"type-post","3":"status-publish","4":"format-standard","5":"has-post-thumbnail","7":"category-avenida-brasil","8":"category-destaques","9":"category-novelas","10":"category-rede-globo","11":"category-televisao","12":"tag-noticia-novela"},"_links":{"self":[{"href":"https:\/\/migracao.redenoticia.com.br\/noticia\/wp-json\/wp\/v2\/posts\/187499","targetHints":{"allow":["GET"]}}],"collection":[{"href":"https:\/\/migracao.redenoticia.com.br\/noticia\/wp-json\/wp\/v2\/posts"}],"about":[{"href":"https:\/\/migracao.redenoticia.com.br\/noticia\/wp-json\/wp\/v2\/types\/post"}],"author":[{"embeddable":true,"href":"https:\/\/migracao.redenoticia.com.br\/noticia\/wp-json\/wp\/v2\/users\/5"}],"replies":[{"embeddable":true,"href":"https:\/\/migracao.redenoticia.com.br\/noticia\/wp-json\/wp\/v2\/comments?post=187499"}],"version-history":[{"count":0,"href":"https:\/\/migracao.redenoticia.com.br\/noticia\/wp-json\/wp\/v2\/posts\/187499\/revisions"}],"wp:featuredmedia":[{"embeddable":true,"href":"https:\/\/migracao.redenoticia.com.br\/noticia\/wp-json\/wp\/v2\/media\/182543"}],"wp:attachment":[{"href":"https:\/\/migracao.redenoticia.com.br\/noticia\/wp-json\/wp\/v2\/media?parent=187499"}],"wp:term":[{"taxonomy":"category","embeddable":true,"href":"https:\/\/migracao.redenoticia.com.br\/noticia\/wp-json\/wp\/v2\/categories?post=187499"},{"taxonomy":"post_tag","embeddable":true,"href":"https:\/\/migracao.redenoticia.com.br\/noticia\/wp-json\/wp\/v2\/tags?post=187499"}],"curies":[{"name":"wp","href":"https:\/\/api.w.org\/{rel}","templated":true}]}}