{"id":187513,"date":"2020-01-23T11:57:01","date_gmt":"2020-01-23T14:57:01","guid":{"rendered":"https:\/\/www.redenoticia.com.br\/noticia\/?p=187513"},"modified":"2020-01-23T11:57:01","modified_gmt":"2020-01-23T14:57:01","slug":"resumo-novela-abismo-de-paixao-24-01-elisa-aceita-ser-acionista-da-processadora-arango","status":"publish","type":"post","link":"https:\/\/migracao.redenoticia.com.br\/noticia\/2020\/resumo-novela-abismo-de-paixao-24-01-elisa-aceita-ser-acionista-da-processadora-arango\/187513","title":{"rendered":"Resumo novela \u201cAbismo de Paix\u00e3o\u201d 24\/01: Elisa aceita ser acionista da processadora Arango"},"content":{"rendered":"<p><img loading=\"lazy\" decoding=\"async\" class=\"aligncenter size-large wp-image-181127\" src=\"https:\/\/migracao.redenoticia.com.br\/noticia\/imagens\/abismo-de-paixao-sbt-resumo-327x300.jpg\" alt=\"\" width=\"327\" height=\"300\" srcset=\"https:\/\/migracao.redenoticia.com.br\/noticia\/imagens\/abismo-de-paixao-sbt-resumo-327x300.jpg 327w, https:\/\/migracao.redenoticia.com.br\/noticia\/imagens\/abismo-de-paixao-sbt-resumo-204x187.jpg 204w, https:\/\/migracao.redenoticia.com.br\/noticia\/imagens\/abismo-de-paixao-sbt-resumo.jpg 426w\" sizes=\"auto, (max-width: 327px) 100vw, 327px\" \/><\/p>\n<p><strong><em>Resumo da novela \u201cAbismo de Paix\u00e3o\u201d<\/em><\/strong> em 24\/01: no cap\u00edtulo 109(*) da novela, sexta-feira, 24 de janeiro, Hor\u00e1cio d\u00e1 uma bofetada em Dolores porque ela tenta chamar a pol\u00edcia. Br\u00e1ulio e Lucio chegam e se deparam com ela estirada no ch\u00e3o. Dolores recobra os sentidos e os diz que Hor\u00e1cio esteve al. Ela diz que ele \u00e9 uma pessoa m\u00e1 que n\u00e3o merece nada de bom, mas n\u00e3o acredita que ele tenha sido capaz de matar Guadalupe. Ramiro convence Carmem a investir o dinheiro da venda de sua parte na fazenda na compra de a\u00e7\u00f5es da processadora Arango. Ramiro diz a Almerinda que j\u00e1 tem o dinheiro para a compra das a\u00e7\u00f5es. Ela pede para que ele deposite antes de eles seguirem falando, pois n\u00e3o confia nele.<\/p>\n<p>Na processadora Castanhon, v\u00e1rias maquinas come\u00e7am a apresentar defeito, sem que os t\u00e9cnicos saibam o motivo. Elisa diz a Dami\u00e3o que aceita ser acionista da processadora Arango, mas com a condi\u00e7\u00e3o de que a rela\u00e7\u00e3o deles seja apenas profissional. Num restaurante do povoado, Elisa e Dami\u00e3o est\u00e3o comendo e, ao ver Gael e Paloma entrarem, demonstram seu amor. Hor\u00e1cio est\u00e1 escondido na casa azul, lamentando o que fez a Dolores. Dolores fica assustada, pois teme que Hor\u00e1cio volte a procur\u00e1-la. Paloma pede a Edmundo que a permita voltar a trabalhar, ainda que a pague menos. Flor\u00eancia pergunta a Paloma como foi sua lua de mel. Ela responde que Gael n\u00e3o foi capaz de esquecer Elisa.<\/p>\n<p>(*) edi\u00e7\u00e3o do SBT, Novela \u201cAbismo de Paix\u00e3o\u201d, sujeito a altera\u00e7\u00e3o de data e conte\u00fado.<\/p>\n<p>&#8220;Abismo de Paix\u00e3o&#8221;- Augusto Casta\u00f1\u00f3n (Alejandro Camacho) e Estef\u00e2nia Bouvier de Casta\u00f1\u00f3n (Ludwika Paleta) s\u00e3o pais de Elisa (Angelique Boyer). Com eles vive Carmen Bouvier (Sabine Moussier), irm\u00e3 mais velha de Estef\u00e2nia e que vai fugir do povoado com Rog\u00e9rio Arango (C\u00e9sar \u00c9vora), esposo de Almerinda Arango (Blanca Guerra) e pai de Dami\u00e3o (David Zepeda), melhor amigo de Elisa. Almerinda descobre e alerta a Augusto.<\/p>\n<p>Por sua parte, Estef\u00e2nia tenta impedir Rog\u00e9rio a n\u00e3o abandonar sua fam\u00edlia, mas devido ao intemp\u00e9rie da chuva, ambos morrem em um acidente de carro. Carmem aproveita o fato para fazer Augusto acreditar que sua esposa era infiel. Augusto, por despeito, casa-se com Carmem, apesar de n\u00e3o estar apaixonado por ela e nem am\u00e1-la. Carmem est\u00e1 gr\u00e1vida de Rog\u00e9rio, mas mente para Augusto, dizendo que o filho \u00e9 dele. <\/p>\n<p>Querendo bater em Elisa, Carmem escorrega e cai na piscina da casa, causando morte s\u00fabita ao beb\u00ea. Por sua parte, Almerinda decide mandar a Dami\u00e3o para fora do povoado a estudar para separ\u00e1-lo de Elisa de quem \u00e9 muito amigo, amizade que ela n\u00e3o v\u00ea com bons olhos, ap\u00f3s inocentemente os dois fugirem juntos.<\/p>\n","protected":false},"excerpt":{"rendered":"<p>Resumo da novela \u201cAbismo de Paix\u00e3o\u201d em 24\/01: no cap\u00edtulo 109(*) da novela, sexta-feira, 24 de janeiro, Hor\u00e1cio d\u00e1 uma bofetada em Dolores porque ela tenta chamar a pol\u00edcia. Br\u00e1ulio e Lucio chegam e se deparam com ela estirada no ch\u00e3o. Dolores recobra os sentidos e os diz que Hor\u00e1cio esteve al. Ela diz que [&hellip;]<\/p>\n","protected":false},"author":4,"featured_media":181126,"comment_status":"open","ping_status":"closed","sticky":false,"template":"","format":"standard","meta":{"tdm_status":"","tdm_grid_status":"","footnotes":""},"categories":[379,372,343],"tags":[441],"class_list":{"0":"post-187513","1":"post","2":"type-post","3":"status-publish","4":"format-standard","5":"has-post-thumbnail","7":"category-novelas","8":"category-sbt","9":"category-televisao","10":"tag-resumo-do-dia"},"_links":{"self":[{"href":"https:\/\/migracao.redenoticia.com.br\/noticia\/wp-json\/wp\/v2\/posts\/187513","targetHints":{"allow":["GET"]}}],"collection":[{"href":"https:\/\/migracao.redenoticia.com.br\/noticia\/wp-json\/wp\/v2\/posts"}],"about":[{"href":"https:\/\/migracao.redenoticia.com.br\/noticia\/wp-json\/wp\/v2\/types\/post"}],"author":[{"embeddable":true,"href":"https:\/\/migracao.redenoticia.com.br\/noticia\/wp-json\/wp\/v2\/users\/4"}],"replies":[{"embeddable":true,"href":"https:\/\/migracao.redenoticia.com.br\/noticia\/wp-json\/wp\/v2\/comments?post=187513"}],"version-history":[{"count":0,"href":"https:\/\/migracao.redenoticia.com.br\/noticia\/wp-json\/wp\/v2\/posts\/187513\/revisions"}],"wp:featuredmedia":[{"embeddable":true,"href":"https:\/\/migracao.redenoticia.com.br\/noticia\/wp-json\/wp\/v2\/media\/181126"}],"wp:attachment":[{"href":"https:\/\/migracao.redenoticia.com.br\/noticia\/wp-json\/wp\/v2\/media?parent=187513"}],"wp:term":[{"taxonomy":"category","embeddable":true,"href":"https:\/\/migracao.redenoticia.com.br\/noticia\/wp-json\/wp\/v2\/categories?post=187513"},{"taxonomy":"post_tag","embeddable":true,"href":"https:\/\/migracao.redenoticia.com.br\/noticia\/wp-json\/wp\/v2\/tags?post=187513"}],"curies":[{"name":"wp","href":"https:\/\/api.w.org\/{rel}","templated":true}]}}