{"id":1876,"date":"2009-05-21T21:52:00","date_gmt":"2009-05-22T01:52:00","guid":{"rendered":"http:\/\/www.redenoticia.com.br\/noticia\/?p=1876"},"modified":"2009-05-22T09:41:06","modified_gmt":"2009-05-22T13:41:06","slug":"ren-de-ji-parana-anuncia-lista-das-escolas-participantes-do-jem%e2%80%9ds-2009","status":"publish","type":"post","link":"https:\/\/migracao.redenoticia.com.br\/noticia\/2009\/ren-de-ji-parana-anuncia-lista-das-escolas-participantes-do-jem%e2%80%9ds-2009\/1876","title":{"rendered":"REN de Ji-Paran\u00e1 anuncia lista das escolas participantes do JEM\u201ds 2009"},"content":{"rendered":"<p><span style=\"font-family: Arial;\">Come\u00e7a hoje (22) \u00e0s 19h30, no gerivald\u00e3o, mais uma edi\u00e7\u00e3o dos jogos municipais, com a participa\u00e7\u00e3o de 24 escolas.<\/span><\/p>\n<p><span style=\"font-family: Arial;\">A competi\u00e7\u00e3o seguir\u00e1 at\u00e9 o dia 31 e o REDENOT\u00cdCIA publicar\u00e1 boletins di\u00e1rios da agenda e resultados parciais do campeonato, disputado pelas seguintes escolas:<\/span><span style=\"font-family: Arial;\">Alu\u00edzio Ferreira, <\/span><span style=\"font-family: Arial;\">Antonio Bianco, <\/span><span style=\"font-family: Arial;\">Carmem Rocha, <\/span><span style=\"font-family: Arial;\">Cedusp<span>,<\/span> Celso Rocco<span>,<\/span> Coopeji, Edilce dos Santos, Gon\u00e7alves Dias, Ind\u00edgena<span>,<\/span> Jardim dos Migrantes<span>,<\/span> Jorge Teixeira, Jos\u00e9 Francisco<span>,<\/span> Jovem Vilela, Julio Guerra<span>,<\/span> J. K.,  Lauro Benno, Marcos Bispo, Marechal Rondon, Nova Bras\u00edlia, Rio Urup\u00e1<span>,<\/span> Tancredo Neves, Tup\u00e3, 31 de Mar\u00e7o, Uni\u00e3o.<\/span><\/p>\n","protected":false},"excerpt":{"rendered":"<p>Come\u00e7a hoje (22) \u00e0s 19h30, no gerivald\u00e3o, mais uma edi\u00e7\u00e3o dos jogos municipais, com a participa\u00e7\u00e3o de 24 escolas. A competi\u00e7\u00e3o seguir\u00e1 at\u00e9 o dia 31 e o REDENOT\u00cdCIA publicar\u00e1 boletins di\u00e1rios da agenda e resultados parciais do campeonato, disputado pelas seguintes escolas:Alu\u00edzio Ferreira, Antonio Bianco, Carmem Rocha, Cedusp, Celso Rocco, Coopeji, Edilce dos Santos, [&hellip;]<\/p>\n","protected":false},"author":3,"featured_media":0,"comment_status":"open","ping_status":"open","sticky":false,"template":"","format":"standard","meta":{"tdm_status":"","tdm_grid_status":"","footnotes":""},"categories":[22],"tags":[],"class_list":{"0":"post-1876","1":"post","2":"type-post","3":"status-publish","4":"format-standard","6":"category-brasil"},"_links":{"self":[{"href":"https:\/\/migracao.redenoticia.com.br\/noticia\/wp-json\/wp\/v2\/posts\/1876","targetHints":{"allow":["GET"]}}],"collection":[{"href":"https:\/\/migracao.redenoticia.com.br\/noticia\/wp-json\/wp\/v2\/posts"}],"about":[{"href":"https:\/\/migracao.redenoticia.com.br\/noticia\/wp-json\/wp\/v2\/types\/post"}],"author":[{"embeddable":true,"href":"https:\/\/migracao.redenoticia.com.br\/noticia\/wp-json\/wp\/v2\/users\/3"}],"replies":[{"embeddable":true,"href":"https:\/\/migracao.redenoticia.com.br\/noticia\/wp-json\/wp\/v2\/comments?post=1876"}],"version-history":[{"count":0,"href":"https:\/\/migracao.redenoticia.com.br\/noticia\/wp-json\/wp\/v2\/posts\/1876\/revisions"}],"wp:attachment":[{"href":"https:\/\/migracao.redenoticia.com.br\/noticia\/wp-json\/wp\/v2\/media?parent=1876"}],"wp:term":[{"taxonomy":"category","embeddable":true,"href":"https:\/\/migracao.redenoticia.com.br\/noticia\/wp-json\/wp\/v2\/categories?post=1876"},{"taxonomy":"post_tag","embeddable":true,"href":"https:\/\/migracao.redenoticia.com.br\/noticia\/wp-json\/wp\/v2\/tags?post=1876"}],"curies":[{"name":"wp","href":"https:\/\/api.w.org\/{rel}","templated":true}]}}