{"id":187607,"date":"2020-01-25T17:33:52","date_gmt":"2020-01-25T20:33:52","guid":{"rendered":"https:\/\/www.redenoticia.com.br\/noticia\/?p=187607"},"modified":"2020-01-25T17:33:52","modified_gmt":"2020-01-25T20:33:52","slug":"resumo-novela-abismo-de-paixao-27-01-carmem-vende-a-fazenda-para-elisa","status":"publish","type":"post","link":"https:\/\/migracao.redenoticia.com.br\/noticia\/2020\/resumo-novela-abismo-de-paixao-27-01-carmem-vende-a-fazenda-para-elisa\/187607","title":{"rendered":"Resumo novela \u201cAbismo de Paix\u00e3o\u201d 27\/01: Carmem vende a fazenda para Elisa"},"content":{"rendered":"<p> <img loading=\"lazy\" decoding=\"async\" class=\"aligncenter size-large wp-image-181127\" src=\"https:\/\/migracao.redenoticia.com.br\/noticia\/imagens\/abismo-de-paixao-sbt-resumo-327x300.jpg\" alt=\"\" width=\"327\" height=\"300\" srcset=\"https:\/\/migracao.redenoticia.com.br\/noticia\/imagens\/abismo-de-paixao-sbt-resumo-327x300.jpg 327w, https:\/\/migracao.redenoticia.com.br\/noticia\/imagens\/abismo-de-paixao-sbt-resumo-204x187.jpg 204w, https:\/\/migracao.redenoticia.com.br\/noticia\/imagens\/abismo-de-paixao-sbt-resumo.jpg 426w\" sizes=\"auto, (max-width: 327px) 100vw, 327px\" \/><\/p>\n<p><strong><em>Resumo da novela \u201cAbismo de Paix\u00e3o\u201d<\/em><\/strong> em 27\/01: no cap\u00edtulo 110(*) da novela, segunda-feira, 27 de janeiro, Almerinda diz a Dami\u00e3o que logo entrar\u00e1 em caixa o dinheiro que eles precisam para reerguer a processadora Arango. Dami\u00e3o pede para a m\u00e3e n\u00e3o se meter nos assuntos e problemas da processadora, pois ele os solucionar\u00e1. Ramona visita Paloma em sua casa e a pede para voltar a viver em sua cabana. Paloma se nega. Gael segue Elisa e Dami\u00e3o at\u00e9 um restaurante. Elisa descobre e beija Dami\u00e3o para que Gael pense que eles s\u00e3o namorados. Paloma est\u00e1 desiludida com Gael, mas Flor\u00eancia a aconselha a seguir lutando por seu casamento. Carmem segue os tramites para venda de suas terras a uma pessoa que, sem saber, est\u00e1 a mando de Elisa nesse neg\u00f3cio.<\/p>\n<p>Carmem recebe o cheque e Elisa fica feliz por ter recuperado a casa de seus pais. Ela pede a Dolores que fa\u00e7a as malas, pois voltaram a viver na fazenda Bouvier. Paloma pede a Elisa que volte com Dami\u00e3o e se case com ele. Br\u00e1ulio comenta com Dami\u00e3o que Hor\u00e1cio esteve envolvido com a morte de Branca. Carmem vai viver com Ramiro na \u2018casa azul\u2019. Eles festejam e de repente aparece Hor\u00e1cio com uma arma. Eles discutem e Hor\u00e1cio foge. Ant\u00f4nia se assusta quando Hor\u00e1cio entra pedindo para falar com Almerinda, j\u00e1 que n\u00e3o tem dinheiro para fugir do povoado e deseja faz\u00ea-lo levando Dolores consigo. Ant\u00f4nia promete ajud\u00e1-lo.<\/p>\n<p>(*) edi\u00e7\u00e3o do SBT, Novela \u201cAbismo de Paix\u00e3o\u201d, sujeito a altera\u00e7\u00e3o de data e conte\u00fado.<\/p>\n<p>&#8220;Abismo de Paix\u00e3o&#8221;- Augusto Casta\u00f1\u00f3n (Alejandro Camacho) e Estef\u00e2nia Bouvier de Casta\u00f1\u00f3n (Ludwika Paleta) s\u00e3o pais de Elisa (Angelique Boyer). Com eles vive Carmen Bouvier (Sabine Moussier), irm\u00e3 mais velha de Estef\u00e2nia e que vai fugir do povoado com Rog\u00e9rio Arango (C\u00e9sar \u00c9vora), esposo de Almerinda Arango (Blanca Guerra) e pai de Dami\u00e3o (David Zepeda), melhor amigo de Elisa. Almerinda descobre e alerta a Augusto.<\/p>\n<p>Por sua parte, Estef\u00e2nia tenta impedir Rog\u00e9rio a n\u00e3o abandonar sua fam\u00edlia, mas devido ao intemp\u00e9rie da chuva, ambos morrem em um acidente de carro. Carmem aproveita o fato para fazer Augusto acreditar que sua esposa era infiel. Augusto, por despeito, casa-se com Carmem, apesar de n\u00e3o estar apaixonado por ela e nem am\u00e1-la. Carmem est\u00e1 gr\u00e1vida de Rog\u00e9rio, mas mente para Augusto, dizendo que o filho \u00e9 dele.<\/p>\n<p>Querendo bater em Elisa, Carmem escorrega e cai na piscina da casa, causando morte s\u00fabita ao beb\u00ea. Por sua parte, Almerinda decide mandar a Dami\u00e3o para fora do povoado a estudar para separ\u00e1-lo de Elisa de quem \u00e9 muito amigo, amizade que ela n\u00e3o v\u00ea com bons olhos, ap\u00f3s inocentemente os dois fugirem juntos.<\/p>\n","protected":false},"excerpt":{"rendered":"<p>Resumo da novela \u201cAbismo de Paix\u00e3o\u201d em 27\/01: no cap\u00edtulo 110(*) da novela, segunda-feira, 27 de janeiro, Almerinda diz a Dami\u00e3o que logo entrar\u00e1 em caixa o dinheiro que eles precisam para reerguer a processadora Arango. Dami\u00e3o pede para a m\u00e3e n\u00e3o se meter nos assuntos e problemas da processadora, pois ele os solucionar\u00e1. Ramona [&hellip;]<\/p>\n","protected":false},"author":5,"featured_media":181126,"comment_status":"open","ping_status":"closed","sticky":false,"template":"","format":"standard","meta":{"tdm_status":"","tdm_grid_status":"","footnotes":""},"categories":[379,372,343],"tags":[441],"class_list":{"0":"post-187607","1":"post","2":"type-post","3":"status-publish","4":"format-standard","5":"has-post-thumbnail","7":"category-novelas","8":"category-sbt","9":"category-televisao","10":"tag-resumo-do-dia"},"_links":{"self":[{"href":"https:\/\/migracao.redenoticia.com.br\/noticia\/wp-json\/wp\/v2\/posts\/187607","targetHints":{"allow":["GET"]}}],"collection":[{"href":"https:\/\/migracao.redenoticia.com.br\/noticia\/wp-json\/wp\/v2\/posts"}],"about":[{"href":"https:\/\/migracao.redenoticia.com.br\/noticia\/wp-json\/wp\/v2\/types\/post"}],"author":[{"embeddable":true,"href":"https:\/\/migracao.redenoticia.com.br\/noticia\/wp-json\/wp\/v2\/users\/5"}],"replies":[{"embeddable":true,"href":"https:\/\/migracao.redenoticia.com.br\/noticia\/wp-json\/wp\/v2\/comments?post=187607"}],"version-history":[{"count":0,"href":"https:\/\/migracao.redenoticia.com.br\/noticia\/wp-json\/wp\/v2\/posts\/187607\/revisions"}],"wp:featuredmedia":[{"embeddable":true,"href":"https:\/\/migracao.redenoticia.com.br\/noticia\/wp-json\/wp\/v2\/media\/181126"}],"wp:attachment":[{"href":"https:\/\/migracao.redenoticia.com.br\/noticia\/wp-json\/wp\/v2\/media?parent=187607"}],"wp:term":[{"taxonomy":"category","embeddable":true,"href":"https:\/\/migracao.redenoticia.com.br\/noticia\/wp-json\/wp\/v2\/categories?post=187607"},{"taxonomy":"post_tag","embeddable":true,"href":"https:\/\/migracao.redenoticia.com.br\/noticia\/wp-json\/wp\/v2\/tags?post=187607"}],"curies":[{"name":"wp","href":"https:\/\/api.w.org\/{rel}","templated":true}]}}