{"id":187663,"date":"2020-01-27T11:55:55","date_gmt":"2020-01-27T14:55:55","guid":{"rendered":"https:\/\/www.redenoticia.com.br\/noticia\/?p=187663"},"modified":"2020-01-27T11:55:55","modified_gmt":"2020-01-27T14:55:55","slug":"resumo-novela-abismo-de-paixao-28-01-carmem-beija-damiao","status":"publish","type":"post","link":"https:\/\/migracao.redenoticia.com.br\/noticia\/2020\/resumo-novela-abismo-de-paixao-28-01-carmem-beija-damiao\/187663","title":{"rendered":"Resumo novela \u201cAbismo de Paix\u00e3o\u201d 28\/01: Carmem beija Dami\u00e3o"},"content":{"rendered":"<p><img loading=\"lazy\" decoding=\"async\" class=\"aligncenter size-large wp-image-181127\" src=\"https:\/\/migracao.redenoticia.com.br\/noticia\/imagens\/abismo-de-paixao-sbt-resumo-327x300.jpg\" alt=\"\" width=\"327\" height=\"300\" srcset=\"https:\/\/migracao.redenoticia.com.br\/noticia\/imagens\/abismo-de-paixao-sbt-resumo-327x300.jpg 327w, https:\/\/migracao.redenoticia.com.br\/noticia\/imagens\/abismo-de-paixao-sbt-resumo-204x187.jpg 204w, https:\/\/migracao.redenoticia.com.br\/noticia\/imagens\/abismo-de-paixao-sbt-resumo.jpg 426w\" sizes=\"auto, (max-width: 327px) 100vw, 327px\" \/><\/p>\n<p><strong><em>Resumo da novela \u201cAbismo de Paix\u00e3o\u201d<\/em><\/strong> em 28\/01: no cap\u00edtulo 111(*) da novela, ter\u00e7a-feira, 28 de janeiro, Antonia recomenda que Hor\u00e1cio n\u00e3o procure por Almerinda, pois ela imediatamente o denunciaria a pol\u00edcia. Ramiro pretende procurar Dolores para fazer lhe mal. Carmem encontra Dami\u00e3o e o beija apaixonadamente. Ele exige que ela jamais volte a fazer isso. Ramiro informa Carmem que, ao perseguir Dolores, se deu conta de que quem comprou a fazenda foi Elisa. Carmem fica furiosa e vai atr\u00e1s de Elisa. Hor\u00e1cio se apresenta no escrit\u00f3rio de Almerinda para pedir-lhe ajuda. Almerinda recusa e diz que chamar\u00e1 a pol\u00edcia, pois ele matou seu irm\u00e3o.<\/p>\n<p>Hor\u00e1cio diz que quem matou Guadalupe foi Carmem, e foge. Dami\u00e3o procura Elisa na fazenda para dizer que j\u00e1 est\u00e3o prontos os papeis para a compra das a\u00e7\u00f5es da processadora Arango. Henrique pede a Flor\u00eancia que se deem uma oportunidade. Carmem chega a fazenda Bouvier e exige que Dolores a diga onde est\u00e1 Elisa. Ela responde que a garota foi nadar no lago. Dami\u00e3o est\u00e1 nadando no lago, a espera de Elisa. Sem que ele perceba, algu\u00e9m chega e come\u00e7a a beij\u00e1-lo. Essa pessoa \u00e9 Carmem. Ao se dar conta disso, Dami\u00e3o exige novamente que Carmem o deixe em paz e a lembra que a \u00fanica coisa que desperta nele \u00e9 pena. Carmem responde que jamais permitir\u00e1 que ele seja feliz com Elisa. Na fazenda, Ramiro agride Dolores, mas Hor\u00e1cio aparece e a defende. Ramiro amea\u00e7a matar Dolores caso Hor\u00e1cio diga algo sobre o assassinato de Guadalupe.<br \/>\n(*) edi\u00e7\u00e3o do SBT, Novela \u201cAbismo de Paix\u00e3o\u201d, sujeito a altera\u00e7\u00e3o de data e conte\u00fado.<\/p>\n<p>&#8220;Abismo de Paix\u00e3o&#8221;- Augusto Casta\u00f1\u00f3n (Alejandro Camacho) e Estef\u00e2nia Bouvier de Casta\u00f1\u00f3n (Ludwika Paleta) s\u00e3o pais de Elisa (Angelique Boyer). Com eles vive Carmen Bouvier (Sabine Moussier), irm\u00e3 mais velha de Estef\u00e2nia e que vai fugir do povoado com Rog\u00e9rio Arango (C\u00e9sar \u00c9vora), esposo de Almerinda Arango (Blanca Guerra) e pai de Dami\u00e3o (David Zepeda), melhor amigo de Elisa. Almerinda descobre e alerta a Augusto.<\/p>\n<p>Por sua parte, Estef\u00e2nia tenta impedir Rog\u00e9rio a n\u00e3o abandonar sua fam\u00edlia, mas devido ao intemp\u00e9rie da chuva, ambos morrem em um acidente de carro. Carmem aproveita o fato para fazer Augusto acreditar que sua esposa era infiel. Augusto, por despeito, casa-se com Carmem, apesar de n\u00e3o estar apaixonado por ela e nem am\u00e1-la. Carmem est\u00e1 gr\u00e1vida de Rog\u00e9rio, mas mente para Augusto, dizendo que o filho \u00e9 dele. <\/p>\n<p>Querendo bater em Elisa, Carmem escorrega e cai na piscina da casa, causando morte s\u00fabita ao beb\u00ea. Por sua parte, Almerinda decide mandar a Dami\u00e3o para fora do povoado a estudar para separ\u00e1-lo de Elisa de quem \u00e9 muito amigo, amizade que ela n\u00e3o v\u00ea com bons olhos, ap\u00f3s inocentemente os dois fugirem juntos.<\/p>\n","protected":false},"excerpt":{"rendered":"<p>Resumo da novela \u201cAbismo de Paix\u00e3o\u201d em 28\/01: no cap\u00edtulo 111(*) da novela, ter\u00e7a-feira, 28 de janeiro, Antonia recomenda que Hor\u00e1cio n\u00e3o procure por Almerinda, pois ela imediatamente o denunciaria a pol\u00edcia. Ramiro pretende procurar Dolores para fazer lhe mal. Carmem encontra Dami\u00e3o e o beija apaixonadamente. Ele exige que ela jamais volte a fazer [&hellip;]<\/p>\n","protected":false},"author":4,"featured_media":181126,"comment_status":"open","ping_status":"closed","sticky":false,"template":"","format":"standard","meta":{"tdm_status":"","tdm_grid_status":"","footnotes":""},"categories":[379,372,343],"tags":[441],"class_list":{"0":"post-187663","1":"post","2":"type-post","3":"status-publish","4":"format-standard","5":"has-post-thumbnail","7":"category-novelas","8":"category-sbt","9":"category-televisao","10":"tag-resumo-do-dia"},"_links":{"self":[{"href":"https:\/\/migracao.redenoticia.com.br\/noticia\/wp-json\/wp\/v2\/posts\/187663","targetHints":{"allow":["GET"]}}],"collection":[{"href":"https:\/\/migracao.redenoticia.com.br\/noticia\/wp-json\/wp\/v2\/posts"}],"about":[{"href":"https:\/\/migracao.redenoticia.com.br\/noticia\/wp-json\/wp\/v2\/types\/post"}],"author":[{"embeddable":true,"href":"https:\/\/migracao.redenoticia.com.br\/noticia\/wp-json\/wp\/v2\/users\/4"}],"replies":[{"embeddable":true,"href":"https:\/\/migracao.redenoticia.com.br\/noticia\/wp-json\/wp\/v2\/comments?post=187663"}],"version-history":[{"count":0,"href":"https:\/\/migracao.redenoticia.com.br\/noticia\/wp-json\/wp\/v2\/posts\/187663\/revisions"}],"wp:featuredmedia":[{"embeddable":true,"href":"https:\/\/migracao.redenoticia.com.br\/noticia\/wp-json\/wp\/v2\/media\/181126"}],"wp:attachment":[{"href":"https:\/\/migracao.redenoticia.com.br\/noticia\/wp-json\/wp\/v2\/media?parent=187663"}],"wp:term":[{"taxonomy":"category","embeddable":true,"href":"https:\/\/migracao.redenoticia.com.br\/noticia\/wp-json\/wp\/v2\/categories?post=187663"},{"taxonomy":"post_tag","embeddable":true,"href":"https:\/\/migracao.redenoticia.com.br\/noticia\/wp-json\/wp\/v2\/tags?post=187663"}],"curies":[{"name":"wp","href":"https:\/\/api.w.org\/{rel}","templated":true}]}}