{"id":187667,"date":"2020-01-27T12:00:56","date_gmt":"2020-01-27T15:00:56","guid":{"rendered":"https:\/\/www.redenoticia.com.br\/noticia\/?p=187667"},"modified":"2020-01-27T12:00:56","modified_gmt":"2020-01-27T15:00:56","slug":"resumo-novela-meu-coracao-e-teu-28-01-as-criancas-presenteiam-ana-com-um-violao-novo","status":"publish","type":"post","link":"https:\/\/migracao.redenoticia.com.br\/noticia\/2020\/resumo-novela-meu-coracao-e-teu-28-01-as-criancas-presenteiam-ana-com-um-violao-novo\/187667","title":{"rendered":"Resumo novela \u201cMeu Cora\u00e7\u00e3o \u00e9 Teu\u201d 28\/01: As crian\u00e7as presenteiam Ana com um viol\u00e3o novo"},"content":{"rendered":"<p><img loading=\"lazy\" decoding=\"async\" class=\"aligncenter size-large wp-image-183929\" src=\"https:\/\/migracao.redenoticia.com.br\/noticia\/imagens\/meu-coracao-e-teu-300x300.jpg\" alt=\"\" width=\"300\" height=\"300\" srcset=\"https:\/\/migracao.redenoticia.com.br\/noticia\/imagens\/meu-coracao-e-teu-300x300.jpg 300w, https:\/\/migracao.redenoticia.com.br\/noticia\/imagens\/meu-coracao-e-teu-187x187.jpg 187w, https:\/\/migracao.redenoticia.com.br\/noticia\/imagens\/meu-coracao-e-teu-150x150.jpg 150w, https:\/\/migracao.redenoticia.com.br\/noticia\/imagens\/meu-coracao-e-teu-140x140.jpg 140w, https:\/\/migracao.redenoticia.com.br\/noticia\/imagens\/meu-coracao-e-teu-85x85.jpg 85w, https:\/\/migracao.redenoticia.com.br\/noticia\/imagens\/meu-coracao-e-teu.jpg 500w\" sizes=\"auto, (max-width: 300px) 100vw, 300px\" \/><\/p>\n<p><strong><em>Resumo da novela \u201cMeu Cora\u00e7\u00e3o \u00e9 Teu\u201d<\/em><\/strong> em 28\/01: no cap\u00edtulo 062(*) da novela, ter\u00e7a-feira, 28 de janeiro, o pai de Henrique morre e Fernando n\u00e3o pode comparecer para dar suas condol\u00eancias, pois j\u00e1 tem uma reuni\u00e3o agendada com a professora dos g\u00eameos, a professora diz a Fernando que os g\u00eameos t\u00eam d\u00e9ficit de aten\u00e7\u00e3o e s\u00e3o hiperativos, isto deixa Fernando muito preocupado, mas Ana o garante que eles far\u00e3o o necess\u00e1rio para que tudo se resolva, pois s\u00e3o uma equipe. Fanny se encontra com Edith na universidade.<\/p>\n<p>Helena d\u00e1 uma bofetada em Laura e grita com ela em frente a todos na universidade, ela diz a Laura que a garota n\u00e3o passa de uma pobretona, e que far\u00e1 o poss\u00edvel para que tirem sua bolsa de estudos, Laura jura vingar-se. Ana diz a Nando que est\u00e1 preocupada com os surtos de Helena, e teme at\u00e9 onde ela possa chegar. Isabela liga para Henrique para lhe dar os p\u00easames e se surpreende quando este o diz que Fernando, mesmo que indiretamente, foi quem matou seu pai, pois cancelou um contrato, e o fez perder tudo. Ana se comove muito quando as crian\u00e7as a presenteiam com um viol\u00e3o novo.<br \/>\n(*) edi\u00e7\u00e3o do SBT, Novela \u201cMeu Cora\u00e7\u00e3o \u00e9 Teu\u201d, sujeito a altera\u00e7\u00e3o de data e conte\u00fado.<\/p>\n<p>Novela \u201cMeu Cora\u00e7\u00e3o \u00e9 Teu\u201d: Ana Leal \u00e9 uma mulher alegre e otimista. Um desastre destr\u00f3i sua casa e Ana perde tudo o que tem. Fernando Lascur\u00e1in, um prestigiado empres\u00e1rio que se lembra com tristeza que h\u00e1 um ano morreu sua esposa. Fernando \u00e9 o pai de sete filhos: Fanny de 19 anos, Nando de 17 anos, Alicia de 14 anos, Sebasti\u00e3o de 11 anos, os g\u00eameos Alex e Guille de 8 anos e a pequena Luz de 4 anos. Estes sete \u201cpequenos\u201d se encarregaram de fazer a vida de dezenas de bab\u00e1s imposs\u00edvel, mas Fernando precisa urgentemente de uma bab\u00e1 que cuide de seus filhos.<\/p>\n<p>As necessidades e a vontade de se superar, levam Ana a buscar outro trabalho. Sua falta de experi\u00eancia, e sua educa\u00e7\u00e3o prec\u00e1ria complicam o processo de ela encontrar um trabalho est\u00e1vel. Mas o destino tem algo preparado a ela: por uma confus\u00e3o, Ana termina chegando \u00e0 mans\u00e3o Lascur\u00e1in sem saber que l\u00e1 encontrar\u00e1 tudo o que sempre sonhou.<\/p>\n","protected":false},"excerpt":{"rendered":"<p>Resumo da novela \u201cMeu Cora\u00e7\u00e3o \u00e9 Teu\u201d em 28\/01: no cap\u00edtulo 062(*) da novela, ter\u00e7a-feira, 28 de janeiro, o pai de Henrique morre e Fernando n\u00e3o pode comparecer para dar suas condol\u00eancias, pois j\u00e1 tem uma reuni\u00e3o agendada com a professora dos g\u00eameos, a professora diz a Fernando que os g\u00eameos t\u00eam d\u00e9ficit de aten\u00e7\u00e3o [&hellip;]<\/p>\n","protected":false},"author":4,"featured_media":183928,"comment_status":"open","ping_status":"closed","sticky":false,"template":"","format":"standard","meta":{"tdm_status":"","tdm_grid_status":"","footnotes":""},"categories":[379,372,343],"tags":[441],"class_list":{"0":"post-187667","1":"post","2":"type-post","3":"status-publish","4":"format-standard","5":"has-post-thumbnail","7":"category-novelas","8":"category-sbt","9":"category-televisao","10":"tag-resumo-do-dia"},"_links":{"self":[{"href":"https:\/\/migracao.redenoticia.com.br\/noticia\/wp-json\/wp\/v2\/posts\/187667","targetHints":{"allow":["GET"]}}],"collection":[{"href":"https:\/\/migracao.redenoticia.com.br\/noticia\/wp-json\/wp\/v2\/posts"}],"about":[{"href":"https:\/\/migracao.redenoticia.com.br\/noticia\/wp-json\/wp\/v2\/types\/post"}],"author":[{"embeddable":true,"href":"https:\/\/migracao.redenoticia.com.br\/noticia\/wp-json\/wp\/v2\/users\/4"}],"replies":[{"embeddable":true,"href":"https:\/\/migracao.redenoticia.com.br\/noticia\/wp-json\/wp\/v2\/comments?post=187667"}],"version-history":[{"count":0,"href":"https:\/\/migracao.redenoticia.com.br\/noticia\/wp-json\/wp\/v2\/posts\/187667\/revisions"}],"wp:featuredmedia":[{"embeddable":true,"href":"https:\/\/migracao.redenoticia.com.br\/noticia\/wp-json\/wp\/v2\/media\/183928"}],"wp:attachment":[{"href":"https:\/\/migracao.redenoticia.com.br\/noticia\/wp-json\/wp\/v2\/media?parent=187667"}],"wp:term":[{"taxonomy":"category","embeddable":true,"href":"https:\/\/migracao.redenoticia.com.br\/noticia\/wp-json\/wp\/v2\/categories?post=187667"},{"taxonomy":"post_tag","embeddable":true,"href":"https:\/\/migracao.redenoticia.com.br\/noticia\/wp-json\/wp\/v2\/tags?post=187667"}],"curies":[{"name":"wp","href":"https:\/\/api.w.org\/{rel}","templated":true}]}}