{"id":187672,"date":"2020-01-27T12:04:14","date_gmt":"2020-01-27T15:04:14","guid":{"rendered":"https:\/\/www.redenoticia.com.br\/noticia\/?p=187672"},"modified":"2020-01-27T12:04:14","modified_gmt":"2020-01-27T15:04:14","slug":"resumo-novela-cumplices-de-um-resgate-28-01-geraldo-doa-sangue-para-priscila","status":"publish","type":"post","link":"https:\/\/migracao.redenoticia.com.br\/noticia\/2020\/resumo-novela-cumplices-de-um-resgate-28-01-geraldo-doa-sangue-para-priscila\/187672","title":{"rendered":"Resumo novela \u201cC\u00famplices de um Resgate\u201d 28\/01: Geraldo doa sangue para Priscila"},"content":{"rendered":"<p><img loading=\"lazy\" decoding=\"async\" class=\"aligncenter size-large wp-image-164526\" src=\"https:\/\/migracao.redenoticia.com.br\/noticia\/imagens\/cumplices-de-um-resgate-001-316x300.jpg\" alt=\"\" width=\"316\" height=\"300\" srcset=\"https:\/\/migracao.redenoticia.com.br\/noticia\/imagens\/cumplices-de-um-resgate-001-316x300.jpg 316w, https:\/\/migracao.redenoticia.com.br\/noticia\/imagens\/cumplices-de-um-resgate-001-197x187.jpg 197w, https:\/\/migracao.redenoticia.com.br\/noticia\/imagens\/cumplices-de-um-resgate-001-150x143.jpg 150w, https:\/\/migracao.redenoticia.com.br\/noticia\/imagens\/cumplices-de-um-resgate-001.jpg 526w\" sizes=\"auto, (max-width: 316px) 100vw, 316px\" \/><\/p>\n<p><strong><em>Resumo novela \u201cC\u00famplices de um Resgate\u201d 28\/01<\/em><\/strong>: no cap\u00edtulo 278(*) da novela, ter\u00e7a-feira, 28 de janeiro, Lu\u00eds e Clara discutem mais uma vez. Mateus e D\u00f3ris ficam tristes com a situa\u00e7\u00e3o. Safira pede para Geraldo doe sangue para filha, Priscila, mesmo que seja an\u00f4nimo. Gerado diz que acha que podem conseguir de outra maneira. Decepcionada, Safira diz que foi um erro ir l\u00e1 fazer o pedido e vai embora. Ot\u00e1vio leva Manuela, que na verdade \u00e9 Isabela, at\u00e9 a sorveteria, mas Rebeca se recusa a acompanhar. Regina n\u00e3o se abala com nada e decide aproveitar o acidente de Priscila para tentar divulgar a banda.<\/p>\n<p>Geraldo vai ao hospital e doa sangue ap\u00f3s certificar que ningu\u00e9m saiba. Fortunato v\u00ea Geraldo na sala de coleta. Joaquim continua se sentindo culpado. No vilarejo, Mateus e D\u00f3ris ligam para Rebeca e pedem ajuda dela. Rebeca libera os dois do trabalho e diz para irem para casa. Giuseppe presenteia Fiorina com um par de cal\u00e7ados novos. A italiana fica encantada. Isabela liga para Manuela e diz que precisam trocar de lugar, mas Manuela explica que n\u00e3o ser\u00e1 poss\u00edvel.<\/p>\n<p>(*) edi\u00e7\u00e3o do SBT, Novela \u201cC\u00famplices de um Resgate\u201d, sujeito a altera\u00e7\u00e3o de data e conte\u00fado.<\/p>\n<p>\u201cC\u00famplices de um Resgate\u201d &#8211; Duas irm\u00e3s g\u00eameas univitelinas que foram separadas ap\u00f3s nascimento, se reencontram somente ap\u00f3s doze anos. Manuela, uma das g\u00eameas, \u00e9 doce, meiga, gentil, e muito talentosa para a m\u00fasica e tem uma voz encantadora. Vive uma vida feliz no Vilarejo dos Sonhos, onde mora com sua av\u00f3 Nina, sua tia Helena e sua m\u00e3e Rebeca, que d\u00e1 muito amor e carinho a filha por ela nunca ter tido um pai, e ela \u00e9 a m\u00e3e biol\u00f3gica das duas garotas, mas nunca soube que teve g\u00eameas.<\/p>\n","protected":false},"excerpt":{"rendered":"<p>Resumo novela \u201cC\u00famplices de um Resgate\u201d 28\/01: no cap\u00edtulo 278(*) da novela, ter\u00e7a-feira, 28 de janeiro, Lu\u00eds e Clara discutem mais uma vez. Mateus e D\u00f3ris ficam tristes com a situa\u00e7\u00e3o. Safira pede para Geraldo doe sangue para filha, Priscila, mesmo que seja an\u00f4nimo. Gerado diz que acha que podem conseguir de outra maneira. Decepcionada, [&hellip;]<\/p>\n","protected":false},"author":4,"featured_media":164526,"comment_status":"open","ping_status":"closed","sticky":false,"template":"","format":"standard","meta":{"tdm_status":"","tdm_grid_status":"","footnotes":""},"categories":[379,372,343],"tags":[441],"class_list":{"0":"post-187672","1":"post","2":"type-post","3":"status-publish","4":"format-standard","5":"has-post-thumbnail","7":"category-novelas","8":"category-sbt","9":"category-televisao","10":"tag-resumo-do-dia"},"_links":{"self":[{"href":"https:\/\/migracao.redenoticia.com.br\/noticia\/wp-json\/wp\/v2\/posts\/187672","targetHints":{"allow":["GET"]}}],"collection":[{"href":"https:\/\/migracao.redenoticia.com.br\/noticia\/wp-json\/wp\/v2\/posts"}],"about":[{"href":"https:\/\/migracao.redenoticia.com.br\/noticia\/wp-json\/wp\/v2\/types\/post"}],"author":[{"embeddable":true,"href":"https:\/\/migracao.redenoticia.com.br\/noticia\/wp-json\/wp\/v2\/users\/4"}],"replies":[{"embeddable":true,"href":"https:\/\/migracao.redenoticia.com.br\/noticia\/wp-json\/wp\/v2\/comments?post=187672"}],"version-history":[{"count":0,"href":"https:\/\/migracao.redenoticia.com.br\/noticia\/wp-json\/wp\/v2\/posts\/187672\/revisions"}],"wp:featuredmedia":[{"embeddable":true,"href":"https:\/\/migracao.redenoticia.com.br\/noticia\/wp-json\/wp\/v2\/media\/164526"}],"wp:attachment":[{"href":"https:\/\/migracao.redenoticia.com.br\/noticia\/wp-json\/wp\/v2\/media?parent=187672"}],"wp:term":[{"taxonomy":"category","embeddable":true,"href":"https:\/\/migracao.redenoticia.com.br\/noticia\/wp-json\/wp\/v2\/categories?post=187672"},{"taxonomy":"post_tag","embeddable":true,"href":"https:\/\/migracao.redenoticia.com.br\/noticia\/wp-json\/wp\/v2\/tags?post=187672"}],"curies":[{"name":"wp","href":"https:\/\/api.w.org\/{rel}","templated":true}]}}