{"id":187685,"date":"2020-01-27T17:56:36","date_gmt":"2020-01-27T20:56:36","guid":{"rendered":"https:\/\/www.redenoticia.com.br\/noticia\/?p=187685"},"modified":"2020-01-27T17:56:36","modified_gmt":"2020-01-27T20:56:36","slug":"novela-eramos-seis-isabel-rompe-com-felicio","status":"publish","type":"post","link":"https:\/\/migracao.redenoticia.com.br\/noticia\/2020\/novela-eramos-seis-isabel-rompe-com-felicio\/187685","title":{"rendered":"Novela \u201c\u00c9ramos Seis\u201d: Isabel rompe com Fel\u00edcio"},"content":{"rendered":"<p><img loading=\"lazy\" decoding=\"async\" src=\"https:\/\/migracao.redenoticia.com.br\/noticia\/imagens\/eramos-seis-familia-301x300.jpg\" alt=\"\" width=\"301\" height=\"300\" class=\"aligncenter size-large wp-image-184321\" srcset=\"https:\/\/migracao.redenoticia.com.br\/noticia\/imagens\/eramos-seis-familia-301x300.jpg 301w, https:\/\/migracao.redenoticia.com.br\/noticia\/imagens\/eramos-seis-familia-187x187.jpg 187w, https:\/\/migracao.redenoticia.com.br\/noticia\/imagens\/eramos-seis-familia-150x150.jpg 150w, https:\/\/migracao.redenoticia.com.br\/noticia\/imagens\/eramos-seis-familia-140x140.jpg 140w, https:\/\/migracao.redenoticia.com.br\/noticia\/imagens\/eramos-seis-familia-85x85.jpg 85w, https:\/\/migracao.redenoticia.com.br\/noticia\/imagens\/eramos-seis-familia.jpg 525w\" sizes=\"auto, (max-width: 301px) 100vw, 301px\" \/> <strong><em>Novela \u201c\u00c9ramos Seis\u201d:<\/em><\/strong> Carlos (Danilo Mesquita) decide falar para Fel\u00edcio (Paulo Rocha) se afastar de Isabel (Giullia Buscacio), \u00e9 atingido por um tiro no caminho e morre no hospital. Ap\u00f3s alguns dias, o advogado a procura e Isabel diz que prometeu se afastar dele, em respeito ao irm\u00e3o. <\/p>\n<p>Fel\u00edcio a consola e Isabel desabafa: \u201cEu disse palavras t\u00e3o pesadas que n\u00e3o teria coragem de dizer pra mais ningu\u00e9m. E agora, n\u00e3o sai da minha mente o rosto do meu irm\u00e3o\u2026 indo embora para sempre &#8230; Meu irm\u00e3o estava indo ao maldito encontro com voc\u00ea por minha causa. Se colocou em risco. Tudo porque se preocupava comigo como um pai, queria cuidar de mim. E n\u00e3o deixei, nunca deixei, fui r\u00edspida, intolerante &#8230; Minha m\u00e3e est\u00e1 um trapo. Sofrendo seu maior desgosto. N\u00e3o posso dar mais um a ela. N\u00e3o posso seguir com essa rela\u00e7\u00e3o, Fel\u00edcio. [\u2026] Quero ficar sozinha. Siga sua vida, seus afazeres. Vai ver\u2026 Est\u00e1vamos mesmo insistindo no erro. N\u00e3o era para estarmos juntos. Se come\u00e7amos de maneira t\u00e3o torta\u2026 N\u00e3o tinha chance de acabar bem mesmo\u201d. <\/p>\n<p>Fel\u00edcio diz que vai esperar o momento certo. Cena prevista para dia 08 de fevereiro na novela \u201c\u00c9ramos Seis\u201d.<\/p>\n<p>\u201c\u00c9ramos Seis\u201d: Casada com J\u00falio (Antonio Calloni), Lola (Gloria Pires) \u00e9 uma esposa devotada e m\u00e3e de quatro filhos: Carlos (Xande Valois\/ Danilo Mesquita), o mais velho e motivo de orgulho para os pais; Alfredo (Pedro Sol\/ Nicolas Prattes), rebelde que vive se metendo em confus\u00f5es e tem ci\u00fames do irm\u00e3o; Isabel (Maju Lima\/ Giullia Buscacio), determinada e independente, \u00e9 a favorita do pai &#8211; por ser a \u00fanica filha mulher; e Julinho (Davi de Oliveira\/ Andr\u00e9 Luiz Frambach), o ca\u00e7ula da fam\u00edlia &#8211; que desde crian\u00e7a demonstra habilidade para lidar com dinheiro.<\/p>\n<p>A hist\u00f3ria come\u00e7a com Lola e J\u00falio passando sufoco para poder pagar as parcelas do casar\u00e3o que compraram em S\u00e3o Paulo. O primeiro bem do casal sai mais caro do que eles previam por causa dos alt\u00edssimos juros do financiamento banc\u00e1rio. O im\u00f3vel acaba gerando um impasse entre eles: para ela, o local \u00e9 a alma da fam\u00edlia. Para ele, um empecilho para melhorar de vida.<\/p>\n","protected":false},"excerpt":{"rendered":"<p>Novela \u201c\u00c9ramos Seis\u201d: Carlos (Danilo Mesquita) decide falar para Fel\u00edcio (Paulo Rocha) se afastar de Isabel (Giullia Buscacio), \u00e9 atingido por um tiro no caminho e morre no hospital. Ap\u00f3s alguns dias, o advogado a procura e Isabel diz que prometeu se afastar dele, em respeito ao irm\u00e3o. Fel\u00edcio a consola e Isabel desabafa: \u201cEu [&hellip;]<\/p>\n","protected":false},"author":5,"featured_media":182542,"comment_status":"open","ping_status":"closed","sticky":false,"template":"","format":"standard","meta":{"tdm_status":"","tdm_grid_status":"","footnotes":""},"categories":[388,548,379,375,343],"tags":[440],"class_list":{"0":"post-187685","1":"post","2":"type-post","3":"status-publish","4":"format-standard","5":"has-post-thumbnail","7":"category-destaques","8":"category-eramos-seis","9":"category-novelas","10":"category-rede-globo","11":"category-televisao","12":"tag-noticia-novela"},"_links":{"self":[{"href":"https:\/\/migracao.redenoticia.com.br\/noticia\/wp-json\/wp\/v2\/posts\/187685","targetHints":{"allow":["GET"]}}],"collection":[{"href":"https:\/\/migracao.redenoticia.com.br\/noticia\/wp-json\/wp\/v2\/posts"}],"about":[{"href":"https:\/\/migracao.redenoticia.com.br\/noticia\/wp-json\/wp\/v2\/types\/post"}],"author":[{"embeddable":true,"href":"https:\/\/migracao.redenoticia.com.br\/noticia\/wp-json\/wp\/v2\/users\/5"}],"replies":[{"embeddable":true,"href":"https:\/\/migracao.redenoticia.com.br\/noticia\/wp-json\/wp\/v2\/comments?post=187685"}],"version-history":[{"count":0,"href":"https:\/\/migracao.redenoticia.com.br\/noticia\/wp-json\/wp\/v2\/posts\/187685\/revisions"}],"wp:featuredmedia":[{"embeddable":true,"href":"https:\/\/migracao.redenoticia.com.br\/noticia\/wp-json\/wp\/v2\/media\/182542"}],"wp:attachment":[{"href":"https:\/\/migracao.redenoticia.com.br\/noticia\/wp-json\/wp\/v2\/media?parent=187685"}],"wp:term":[{"taxonomy":"category","embeddable":true,"href":"https:\/\/migracao.redenoticia.com.br\/noticia\/wp-json\/wp\/v2\/categories?post=187685"},{"taxonomy":"post_tag","embeddable":true,"href":"https:\/\/migracao.redenoticia.com.br\/noticia\/wp-json\/wp\/v2\/tags?post=187685"}],"curies":[{"name":"wp","href":"https:\/\/api.w.org\/{rel}","templated":true}]}}