{"id":1877,"date":"2009-05-21T23:53:23","date_gmt":"2009-05-22T03:53:23","guid":{"rendered":"http:\/\/www.redenoticia.com.br\/noticia\/?p=1877"},"modified":"2009-05-22T08:25:09","modified_gmt":"2009-05-22T12:25:09","slug":"idaron-revela-aprovados-e-anuncia-novo-concurso-em-rondnia","status":"publish","type":"post","link":"https:\/\/migracao.redenoticia.com.br\/noticia\/2009\/idaron-revela-aprovados-e-anuncia-novo-concurso-em-rondnia\/1877","title":{"rendered":"Idaron revela aprovados e anuncia novo concurso em Rond\u00f4nia"},"content":{"rendered":"<p>O resultado do concurso p\u00fablico da Ag\u00eancia de Defesa Sanit\u00e1ria Agrosilvopastoril de Rond\u00f4nia (Idaron) j\u00e1 est\u00e1 dispon\u00edvel no site da Funda\u00e7\u00e3o Professor Carlos Augusto Bittencourt (<a href=\"http:\/\/concursos.funcab.org\/index.asp?id=81#\" target=\"_blank\">Funcab<\/a>). A lista cont\u00e9m os nomes dos 396 aprovados, sendo 322 para o n\u00edvel m\u00e9dio e 74 para o n\u00edvel superior.<\/p>\n<p>Para o presidente da Idaron, Augustinho Pastore, o concurso veio para suprir parte da necessidade do IDARON..Os aprovados v\u00e3o tomar posse o quanto antes, mas \u00e9 necess\u00e1rio seguir alguns procedimentos pertinentes ao servi\u00e7o p\u00fablico que leva de dois a tr\u00eas meses.<\/p>\n<p>At\u00e9 o final do ano haver\u00e1 mais um concurso p\u00fablico para a institui\u00e7\u00e3o. Isto foi garantido pelo governador Ivo Cassol ao apresentar o pacote de obras e a\u00e7\u00f5es do Poder Executivo para o ano de 2009.<\/p>\n","protected":false},"excerpt":{"rendered":"<p>O resultado do concurso p\u00fablico da Ag\u00eancia de Defesa Sanit\u00e1ria Agrosilvopastoril de Rond\u00f4nia (Idaron) j\u00e1 est\u00e1 dispon\u00edvel no site da Funda\u00e7\u00e3o Professor Carlos Augusto Bittencourt (Funcab). A lista cont\u00e9m os nomes dos 396 aprovados, sendo 322 para o n\u00edvel m\u00e9dio e 74 para o n\u00edvel superior. Para o presidente da Idaron, Augustinho Pastore, o concurso [&hellip;]<\/p>\n","protected":false},"author":2,"featured_media":0,"comment_status":"open","ping_status":"open","sticky":false,"template":"","format":"standard","meta":{"tdm_status":"","tdm_grid_status":"","footnotes":""},"categories":[22],"tags":[],"class_list":{"0":"post-1877","1":"post","2":"type-post","3":"status-publish","4":"format-standard","6":"category-brasil"},"_links":{"self":[{"href":"https:\/\/migracao.redenoticia.com.br\/noticia\/wp-json\/wp\/v2\/posts\/1877","targetHints":{"allow":["GET"]}}],"collection":[{"href":"https:\/\/migracao.redenoticia.com.br\/noticia\/wp-json\/wp\/v2\/posts"}],"about":[{"href":"https:\/\/migracao.redenoticia.com.br\/noticia\/wp-json\/wp\/v2\/types\/post"}],"author":[{"embeddable":true,"href":"https:\/\/migracao.redenoticia.com.br\/noticia\/wp-json\/wp\/v2\/users\/2"}],"replies":[{"embeddable":true,"href":"https:\/\/migracao.redenoticia.com.br\/noticia\/wp-json\/wp\/v2\/comments?post=1877"}],"version-history":[{"count":0,"href":"https:\/\/migracao.redenoticia.com.br\/noticia\/wp-json\/wp\/v2\/posts\/1877\/revisions"}],"wp:attachment":[{"href":"https:\/\/migracao.redenoticia.com.br\/noticia\/wp-json\/wp\/v2\/media?parent=1877"}],"wp:term":[{"taxonomy":"category","embeddable":true,"href":"https:\/\/migracao.redenoticia.com.br\/noticia\/wp-json\/wp\/v2\/categories?post=1877"},{"taxonomy":"post_tag","embeddable":true,"href":"https:\/\/migracao.redenoticia.com.br\/noticia\/wp-json\/wp\/v2\/tags?post=1877"}],"curies":[{"name":"wp","href":"https:\/\/api.w.org\/{rel}","templated":true}]}}