{"id":1878,"date":"2009-05-21T23:55:38","date_gmt":"2009-05-22T03:55:38","guid":{"rendered":"http:\/\/www.redenoticia.com.br\/noticia\/?p=1878"},"modified":"2009-05-21T23:55:38","modified_gmt":"2009-05-22T03:55:38","slug":"maior-evento-de-moda-do-pas-ter-10-de-modelos-negros-e-indgenas","status":"publish","type":"post","link":"https:\/\/migracao.redenoticia.com.br\/noticia\/2009\/maior-evento-de-moda-do-pas-ter-10-de-modelos-negros-e-indgenas\/1878","title":{"rendered":"Maior evento de moda do pa&iacute;s ter&aacute; 10% de modelos negros e ind&iacute;genas"},"content":{"rendered":"<p>Ao menos 10% dos modelos que desfilar\u00e3o no S\u00e3o Paulo Fashion Week<i> <\/i>(SPFW) \u2013&#160; maior evento de moda do pa\u00eds \u2013 ser\u00e3o negros, afrodescendentes ou ind\u00edgenas. A cota foi estabelecida por um Termo de Ajustamento de Conduta (TAC) assinado ontem (20) entre o Minist\u00e9rio P\u00fablico do Estado de S\u00e3o Paulo (MP-SP) e a empresa Luminosidade Marketing &amp; Produ\u00e7\u00f5es Ltda., organizadora do evento, marcado para acontecer entre os dias 17 e 22 de junho.    <br \/>Um inqu\u00e9rito civil instaurado pelo Grupo de Atua\u00e7\u00e3o Especial de Inclus\u00e3o Social (GAEIS) do Minist\u00e9rio P\u00fablico apontou um baixo n\u00famero de negros e ind\u00edgenas entre os modelos participantes do evento. Por essa constata\u00e7\u00e3o, o MP sugeriu o estabelecimento da medida como forma de inclus\u00e3o social.    <br \/>Segundo o acordo, caso a tem\u00e1tica dos desfiles n\u00e3o se encaixe com a porcentagem m\u00ednima de negros e ind\u00edgenas, as grifes poder\u00e3o apresentar as justificativas ao MP, que analisar\u00e1 os casos. O termo prev\u00ea multa de R$ 250 mil em caso de descumprimento das cl\u00e1usulas do acordo pela S\u00e3o Paulo Fashion Week<i>.     <br \/><\/i>Para Helder Dias Ara\u00fajo, diretor da HDA Models, ag\u00eancia especializada em modelos negros, a medida \u00e9 necess\u00e1ria, apesar de ressaltar que \u201cgostaria que n\u00e3o houvesse essa necessidade de a Justi\u00e7a impor para uma entidade a contrata\u00e7\u00e3o de negros\u201d.    <br \/>Na opini\u00e3o de Ara\u00fajo, a falta de negros nas passarelas n\u00e3o se deve somente ao preconceito. O problema ocorre porque os estilistas preferem copiar f\u00f3rmulas de sucesso do exterior, em vez de criarem com base nas caracter\u00edsticas tipicamente brasileiras, como a diversidade racial.    <br \/>Ele ressalta que a\u00e7\u00e3o do Minist\u00e9rio P\u00fablico \u00e9 importante para gerar uma reflex\u00e3o sobre a quest\u00e3o da exclus\u00e3o dos negros como p\u00fablico-alvo da moda.    <br \/>Por meio de nota, a organiza\u00e7\u00e3o do SPFW declarou que \u201cacredita ser fundamental o apoio \u00e0 inclus\u00e3o social dos diversos tipos \u00e9tnicos presentes na popula\u00e7\u00e3o brasileira, dentro de um processo sociocultural com reflexos hist\u00f3ricos&quot;. &quot;Como evento de repercuss\u00e3o internacional, revelou v\u00e1rias modelos, que fazem sucesso por uma caracter\u00edstica de nosso pa\u00eds: a mesti\u00e7agem, fruto de nossa diversidade, que faz do Brasil um celeiro reconhecido de belezas \u00fanicas\u201d, diz a nota.<\/p>\n<p>Daniel Mello    <br \/><i>Rep\u00f3rter da Ag\u00eancia Brasil<\/i><\/p>\n","protected":false},"excerpt":{"rendered":"<p>Ao menos 10% dos modelos que desfilar\u00e3o no S\u00e3o Paulo Fashion Week (SPFW) \u2013&#160; maior evento de moda do pa\u00eds \u2013 ser\u00e3o negros, afrodescendentes ou ind\u00edgenas. A cota foi estabelecida por um Termo de Ajustamento de Conduta (TAC) assinado ontem (20) entre o Minist\u00e9rio P\u00fablico do Estado de S\u00e3o Paulo (MP-SP) e a empresa Luminosidade [&hellip;]<\/p>\n","protected":false},"author":2,"featured_media":0,"comment_status":"open","ping_status":"open","sticky":false,"template":"","format":"standard","meta":{"tdm_status":"","tdm_grid_status":"","footnotes":""},"categories":[22],"tags":[],"class_list":{"0":"post-1878","1":"post","2":"type-post","3":"status-publish","4":"format-standard","6":"category-brasil"},"_links":{"self":[{"href":"https:\/\/migracao.redenoticia.com.br\/noticia\/wp-json\/wp\/v2\/posts\/1878","targetHints":{"allow":["GET"]}}],"collection":[{"href":"https:\/\/migracao.redenoticia.com.br\/noticia\/wp-json\/wp\/v2\/posts"}],"about":[{"href":"https:\/\/migracao.redenoticia.com.br\/noticia\/wp-json\/wp\/v2\/types\/post"}],"author":[{"embeddable":true,"href":"https:\/\/migracao.redenoticia.com.br\/noticia\/wp-json\/wp\/v2\/users\/2"}],"replies":[{"embeddable":true,"href":"https:\/\/migracao.redenoticia.com.br\/noticia\/wp-json\/wp\/v2\/comments?post=1878"}],"version-history":[{"count":0,"href":"https:\/\/migracao.redenoticia.com.br\/noticia\/wp-json\/wp\/v2\/posts\/1878\/revisions"}],"wp:attachment":[{"href":"https:\/\/migracao.redenoticia.com.br\/noticia\/wp-json\/wp\/v2\/media?parent=1878"}],"wp:term":[{"taxonomy":"category","embeddable":true,"href":"https:\/\/migracao.redenoticia.com.br\/noticia\/wp-json\/wp\/v2\/categories?post=1878"},{"taxonomy":"post_tag","embeddable":true,"href":"https:\/\/migracao.redenoticia.com.br\/noticia\/wp-json\/wp\/v2\/tags?post=1878"}],"curies":[{"name":"wp","href":"https:\/\/api.w.org\/{rel}","templated":true}]}}