{"id":187833,"date":"2020-01-30T12:47:37","date_gmt":"2020-01-30T15:47:37","guid":{"rendered":"https:\/\/www.redenoticia.com.br\/noticia\/?p=187833"},"modified":"2020-01-30T12:47:37","modified_gmt":"2020-01-30T15:47:37","slug":"resumo-novela-amor-de-mae-31-01-jane-questiona-thelma-sobre-a-origem-de-danilo","status":"publish","type":"post","link":"https:\/\/migracao.redenoticia.com.br\/noticia\/2020\/resumo-novela-amor-de-mae-31-01-jane-questiona-thelma-sobre-a-origem-de-danilo\/187833","title":{"rendered":"Resumo novela \u201cAmor de M\u00e3e\u201d 31\/01: Jane questiona Thelma sobre a origem de Danilo"},"content":{"rendered":"<p><img loading=\"lazy\" decoding=\"async\" src=\"https:\/\/migracao.redenoticia.com.br\/noticia\/imagens\/amor-de-mae-resumo-novela-globo-02-317x300.jpg\" alt=\"\" width=\"317\" height=\"300\" class=\"aligncenter size-large wp-image-185025\" srcset=\"https:\/\/migracao.redenoticia.com.br\/noticia\/imagens\/amor-de-mae-resumo-novela-globo-02-317x300.jpg 317w, https:\/\/migracao.redenoticia.com.br\/noticia\/imagens\/amor-de-mae-resumo-novela-globo-02-198x187.jpg 198w, https:\/\/migracao.redenoticia.com.br\/noticia\/imagens\/amor-de-mae-resumo-novela-globo-02-148x140.jpg 148w, https:\/\/migracao.redenoticia.com.br\/noticia\/imagens\/amor-de-mae-resumo-novela-globo-02-90x85.jpg 90w, https:\/\/migracao.redenoticia.com.br\/noticia\/imagens\/amor-de-mae-resumo-novela-globo-02.jpg 529w\" sizes=\"auto, (max-width: 317px) 100vw, 317px\" \/><\/p>\n<p><em><strong>Resumo novela \u201cAmor de M\u00e3e\u201d 31\/01<\/strong><\/em>: no cap\u00edtulo 059(*) da novela, sexta-feira, 31 de janeiro, Raul se desespera e socorre Vin\u00edcius. \u00c1lvaro descobre que Vin\u00edcius foi atingido. L\u00eddia sofre com o estado de Vin\u00edcius. Lucas conta para \u00c1lvaro que Vit\u00f3ria sabia que Vin\u00edcius fazia parte do grupo de ativistas, e que a advogada informou Raul. Amanda e Guar\u00e1 falam com Davi sobre a situa\u00e7\u00e3o de Guaporim. Vin\u00edcius pede que Raul se afaste de \u00c1lvaro e da PWA.<\/p>\n<p>Ryan contrata Osana para trabalhar na casa de Lurdes, que se incomoda. Thelma insinua que Danilo e Camila podem se separar, e Lurdes confronta a amiga. Matias fica com Tracy. Leila estranha o comportamento de Penha. Davi decide ficar em Guaporim e iniciar um protesto, e Vit\u00f3ria se revolta. Miriam v\u00ea Penha com Beliz\u00e1rio. Jane questiona Thelma sobre a origem de Danilo<br \/>\n(*) edi\u00e7\u00e3o da Rede Globo, Novela \u201cAmor de M\u00e3e\u201d, sujeito a altera\u00e7\u00e3o de data e conte\u00fado.<\/p>\n<p>Sinopse \u201cAmor de M\u00e3e\u201d: Tr\u00eas mulheres de classes sociais diferentes vivem seus dilemas como m\u00e3es: Lurdes (Regina Cas\u00e9) \u00e9 uma mulher nordestina batalhadora, que teve quatro filhos: Magno (Juliano Cazarr\u00e9), \u00c9rica (Nanda Costa), Ryan (Thiago Martins) e Dom\u00eanico (Humberto Carr\u00e3o) \u2013 vendido aos 2 anos escondido pelo seu ex-marido para a traficante de crian\u00e7as K\u00e1tia (Vera Holtz). Sabendo que ele foi enviado para Rio de Janeiro, ela partiu para l\u00e1 com os filhos em 1993 e, no caminho, encontrou uma rec\u00e9m-nascida abandonada, Camila (J\u00e9ssica Ellen), a quem decide criar.<\/p>\n<p>Lourdes \u00e9 amiga de Thelma (Adriana Esteves), uma vi\u00fava que perdeu o marido em um inc\u00eandio e desde ent\u00e3o passou a superproteger o filho, Danilo (Chay Suede). Vit\u00f3ria (Ta\u00eds Ara\u00fajo) \u00e9 uma advogada rica, mas infeliz por acreditar ser est\u00e9ril. Ela adota Tiago (Pedro Guilherme Rodrigues) e contrata Lurdes como bab\u00e1, mas fica gr\u00e1vida ap\u00f3s um encontro com o ambientalista Davi (Vladimir Brichta).<\/p>\n","protected":false},"excerpt":{"rendered":"<p>Resumo novela \u201cAmor de M\u00e3e\u201d 31\/01: no cap\u00edtulo 059(*) da novela, sexta-feira, 31 de janeiro, Raul se desespera e socorre Vin\u00edcius. \u00c1lvaro descobre que Vin\u00edcius foi atingido. L\u00eddia sofre com o estado de Vin\u00edcius. Lucas conta para \u00c1lvaro que Vit\u00f3ria sabia que Vin\u00edcius fazia parte do grupo de ativistas, e que a advogada informou Raul. [&hellip;]<\/p>\n","protected":false},"author":4,"featured_media":185080,"comment_status":"open","ping_status":"closed","sticky":false,"template":"","format":"standard","meta":{"tdm_status":"","tdm_grid_status":"","footnotes":""},"categories":[550,379,375,343],"tags":[441],"class_list":{"0":"post-187833","1":"post","2":"type-post","3":"status-publish","4":"format-standard","5":"has-post-thumbnail","7":"category-amor-de-mae","8":"category-novelas","9":"category-rede-globo","10":"category-televisao","11":"tag-resumo-do-dia"},"_links":{"self":[{"href":"https:\/\/migracao.redenoticia.com.br\/noticia\/wp-json\/wp\/v2\/posts\/187833","targetHints":{"allow":["GET"]}}],"collection":[{"href":"https:\/\/migracao.redenoticia.com.br\/noticia\/wp-json\/wp\/v2\/posts"}],"about":[{"href":"https:\/\/migracao.redenoticia.com.br\/noticia\/wp-json\/wp\/v2\/types\/post"}],"author":[{"embeddable":true,"href":"https:\/\/migracao.redenoticia.com.br\/noticia\/wp-json\/wp\/v2\/users\/4"}],"replies":[{"embeddable":true,"href":"https:\/\/migracao.redenoticia.com.br\/noticia\/wp-json\/wp\/v2\/comments?post=187833"}],"version-history":[{"count":0,"href":"https:\/\/migracao.redenoticia.com.br\/noticia\/wp-json\/wp\/v2\/posts\/187833\/revisions"}],"wp:featuredmedia":[{"embeddable":true,"href":"https:\/\/migracao.redenoticia.com.br\/noticia\/wp-json\/wp\/v2\/media\/185080"}],"wp:attachment":[{"href":"https:\/\/migracao.redenoticia.com.br\/noticia\/wp-json\/wp\/v2\/media?parent=187833"}],"wp:term":[{"taxonomy":"category","embeddable":true,"href":"https:\/\/migracao.redenoticia.com.br\/noticia\/wp-json\/wp\/v2\/categories?post=187833"},{"taxonomy":"post_tag","embeddable":true,"href":"https:\/\/migracao.redenoticia.com.br\/noticia\/wp-json\/wp\/v2\/tags?post=187833"}],"curies":[{"name":"wp","href":"https:\/\/api.w.org\/{rel}","templated":true}]}}