{"id":187835,"date":"2020-02-02T17:17:07","date_gmt":"2020-02-02T20:17:07","guid":{"rendered":"https:\/\/www.redenoticia.com.br\/noticia\/?p=187835"},"modified":"2020-02-02T22:02:08","modified_gmt":"2020-02-03T01:02:08","slug":"novela-avenida-brasil-nina-fotografa-max-e-carminha-juntos","status":"publish","type":"post","link":"https:\/\/migracao.redenoticia.com.br\/noticia\/2020\/novela-avenida-brasil-nina-fotografa-max-e-carminha-juntos\/187835","title":{"rendered":"Novela \u201cAvenida Brasil\u201d: Nina fotografa Max e Carminha juntos"},"content":{"rendered":"<p><img loading=\"lazy\" decoding=\"async\" src=\"https:\/\/migracao.redenoticia.com.br\/noticia\/imagens\/avenida-brasil-resumo-capitulo-01-348x300.jpg\" alt=\"\" width=\"348\" height=\"300\" class=\"aligncenter size-large wp-image-182543\" srcset=\"https:\/\/migracao.redenoticia.com.br\/noticia\/imagens\/avenida-brasil-resumo-capitulo-01-348x300.jpg 348w, https:\/\/migracao.redenoticia.com.br\/noticia\/imagens\/avenida-brasil-resumo-capitulo-01-217x187.jpg 217w, https:\/\/migracao.redenoticia.com.br\/noticia\/imagens\/avenida-brasil-resumo-capitulo-01-534x462.jpg 534w, https:\/\/migracao.redenoticia.com.br\/noticia\/imagens\/avenida-brasil-resumo-capitulo-01.jpg 590w\" sizes=\"auto, (max-width: 348px) 100vw, 348px\" \/> <strong><em>Novela \u201cAvenida Brasil\u201d:<\/em><\/strong> Nina (D\u00e9bora Falabella) segue Max (Marcello Novaes) e Carminha (Adriana Esteves) at\u00e9 a ch\u00e1cara de Vargem Grande e fotografa os dois na cama. Ela sai por onde entrou e anda pelo telhado da casa. No entanto, pisa em falso e uma telha se quebra. Carminha reage, levanta-se depressa e veste uma roupa. Max tamb\u00e9m se veste e os dois saem apressados. <\/p>\n<p>Os dois escutam o ronco do motor da vespa ao longe. Carminha v\u00ea um bon\u00e9 no ch\u00e3o e o pega. Max a tranquiliza: &#8220;Esse bon\u00e9 deve ser do entregador do japon\u00eas que eu pedi pra gente&#8230; Vamos voltar l\u00e1 pra dentro. Tava muito melhor&#8230; Vem&#8230;&#8221;. Cena prevista para dia 03 de fevereiro na novela \u201cAvenida Brasil\u201d.<\/p>\n<p>\u201cAvenida Brasil\u201d: a hist\u00f3ria de uma jovem que, desde os 11 anos, planeja um acerto de contas com a madrasta. Rita (Mel Maia), \u00f3rf\u00e3 de m\u00e3e, era criada, com muito amor, pelo pai Gen\u00e9sio (Tony Ramos). Tudo muda quando ele se casa com Carmen L\u00facia, a Carminha (Adriana Esteves), uma mulher ambiciosa e dissimulada. Com Gen\u00e9sio, ela se passava por esposa doce e dedicada; com Rita, era uma madrasta m\u00e1.<\/p>\n<p>A menina entra em desespero ao descobrir, ap\u00f3s ouvir uma conversa da madrasta ao telefone, que Carminha est\u00e1 armando um golpe contra seu pai: ele ser\u00e1 abordado na sa\u00edda do banco, logo ap\u00f3s receber o pagamento pela venda da casa onde mora com a filha e a nova esposa.<\/p>\n","protected":false},"excerpt":{"rendered":"<p>Novela \u201cAvenida Brasil\u201d: Nina (D\u00e9bora Falabella) segue Max (Marcello Novaes) e Carminha (Adriana Esteves) at\u00e9 a ch\u00e1cara de Vargem Grande e fotografa os dois na cama. Ela sai por onde entrou e anda pelo telhado da casa. No entanto, pisa em falso e uma telha se quebra. Carminha reage, levanta-se depressa e veste uma roupa. [&hellip;]<\/p>\n","protected":false},"author":5,"featured_media":183449,"comment_status":"open","ping_status":"closed","sticky":false,"template":"","format":"standard","meta":{"tdm_status":"","tdm_grid_status":"","footnotes":""},"categories":[549,388,379,375,343],"tags":[440],"class_list":{"0":"post-187835","1":"post","2":"type-post","3":"status-publish","4":"format-standard","5":"has-post-thumbnail","7":"category-avenida-brasil","8":"category-destaques","9":"category-novelas","10":"category-rede-globo","11":"category-televisao","12":"tag-noticia-novela"},"_links":{"self":[{"href":"https:\/\/migracao.redenoticia.com.br\/noticia\/wp-json\/wp\/v2\/posts\/187835","targetHints":{"allow":["GET"]}}],"collection":[{"href":"https:\/\/migracao.redenoticia.com.br\/noticia\/wp-json\/wp\/v2\/posts"}],"about":[{"href":"https:\/\/migracao.redenoticia.com.br\/noticia\/wp-json\/wp\/v2\/types\/post"}],"author":[{"embeddable":true,"href":"https:\/\/migracao.redenoticia.com.br\/noticia\/wp-json\/wp\/v2\/users\/5"}],"replies":[{"embeddable":true,"href":"https:\/\/migracao.redenoticia.com.br\/noticia\/wp-json\/wp\/v2\/comments?post=187835"}],"version-history":[{"count":0,"href":"https:\/\/migracao.redenoticia.com.br\/noticia\/wp-json\/wp\/v2\/posts\/187835\/revisions"}],"wp:featuredmedia":[{"embeddable":true,"href":"https:\/\/migracao.redenoticia.com.br\/noticia\/wp-json\/wp\/v2\/media\/183449"}],"wp:attachment":[{"href":"https:\/\/migracao.redenoticia.com.br\/noticia\/wp-json\/wp\/v2\/media?parent=187835"}],"wp:term":[{"taxonomy":"category","embeddable":true,"href":"https:\/\/migracao.redenoticia.com.br\/noticia\/wp-json\/wp\/v2\/categories?post=187835"},{"taxonomy":"post_tag","embeddable":true,"href":"https:\/\/migracao.redenoticia.com.br\/noticia\/wp-json\/wp\/v2\/tags?post=187835"}],"curies":[{"name":"wp","href":"https:\/\/api.w.org\/{rel}","templated":true}]}}