{"id":187839,"date":"2020-02-08T18:57:23","date_gmt":"2020-02-08T21:57:23","guid":{"rendered":"https:\/\/www.redenoticia.com.br\/noticia\/?p=187839"},"modified":"2020-02-10T19:41:54","modified_gmt":"2020-02-10T22:41:54","slug":"novela-eramos-seis-justina-lembra-que-o-pai-foi-vitima-de-um-tiro","status":"publish","type":"post","link":"https:\/\/migracao.redenoticia.com.br\/noticia\/2020\/novela-eramos-seis-justina-lembra-que-o-pai-foi-vitima-de-um-tiro\/187839","title":{"rendered":"Novela \u201c\u00c9ramos Seis\u201d: Justina lembra que o pai foi v\u00edtima de um tiro"},"content":{"rendered":"<p><img loading=\"lazy\" decoding=\"async\" src=\"https:\/\/migracao.redenoticia.com.br\/noticia\/imagens\/eramos-seis-resumo-noticia-novela-02-300x300.jpg\" alt=\"\" width=\"300\" height=\"300\" class=\"aligncenter size-large wp-image-182542\" srcset=\"https:\/\/migracao.redenoticia.com.br\/noticia\/imagens\/eramos-seis-resumo-noticia-novela-02-300x300.jpg 300w, https:\/\/migracao.redenoticia.com.br\/noticia\/imagens\/eramos-seis-resumo-noticia-novela-02-187x187.jpg 187w, https:\/\/migracao.redenoticia.com.br\/noticia\/imagens\/eramos-seis-resumo-noticia-novela-02.jpg 524w\" sizes=\"auto, (max-width: 300px) 100vw, 300px\" \/> <strong><em>Novela \u201c\u00c9ramos Seis\u201d:<\/em><\/strong> Justina (Julia Stockler) entra em p\u00e2nico com o barulho de tiros durante uma manifesta\u00e7\u00e3o. Carlos (Danilo Mesquita) \u00e9 atingido e morre nos bra\u00e7os de Alfredo (Nicolas Prattes). Em\u00edlia (Susana Vieira) se oferece para arcar com todas as despesas do enterro. Adelaide (Joana de Verona) diz: &#8220;O pior \u00e9 saber que este crime pode n\u00e3o ser solucionado, as autoridades n\u00e3o est\u00e3o interessadas em que fez esta barbaridade. Tentei falar com o delegado Gusm\u00f5es, disse que vi de onde partiram os tiros&#8221;.<\/p>\n<p>Justina ouve o coment\u00e1rio e reclama: &#8220;N\u00e3o gosto de tiros, machucam. Machucaram o nosso pai. Fica com sangue, muito sangue. Tenho medo de tiro que machuca, que machucou meu pai&#8221;. Adelaide se espanta: &#8220;Qu\u00ea? Do que ela est\u00e1 falando? Do nosso pai? Eu nem lembro dele, era t\u00e3o pequena. Voc\u00ea lembra?&#8221;. Em\u00edlia insiste que o marido morreu de doen\u00e7a e leva a filha para a cama: &#8220;Est\u00e1 falando bobagens, coisas que n\u00e3o lembra direito. Vamos, cad\u00ea os seus calmantes? Essa hist\u00f3ria de tomar, n\u00e3o est\u00e1 bom, n\u00e3o est\u00e1 n\u00e3o &#8230; N\u00e3o assuste a sua irm\u00e3. Ela tamb\u00e9m tem seus medos, n\u00e3o fale mais de tiros, nem de seu pai. Sen\u00e3o, Adelaide pode ficar triste e zangada conosco. T\u00e3o zangada que pode ir embora&#8221;.<\/p>\n<p>Justina toma todo o frasco e Em\u00edlia diz: &#8220;Agiu mal, ent\u00e3o se acalme. Nunca foi normal, Justina. N\u00e3o \u00e9 culpa sua se \u00e9 assim. Mas sou sua m\u00e3e e estou aqui para ajudar voc\u00ea. Me deixe ajudar&#8221;. Cena prevista para dia 08 de fevereiro na novela \u201c\u00c9ramos Seis\u201d.<\/p>\n<p>\u201c\u00c9ramos Seis\u201d: Casada com J\u00falio (Antonio Calloni), Lola (Gloria Pires) \u00e9 uma esposa devotada e m\u00e3e de quatro filhos: Carlos (Xande Valois\/ Danilo Mesquita), o mais velho e motivo de orgulho para os pais; Alfredo (Pedro Sol\/ Nicolas Prattes), rebelde que vive se metendo em confus\u00f5es e tem ci\u00fames do irm\u00e3o; Isabel (Maju Lima\/ Giullia Buscacio), determinada e independente, \u00e9 a favorita do pai &#8211; por ser a \u00fanica filha mulher; e Julinho (Davi de Oliveira\/ Andr\u00e9 Luiz Frambach), o ca\u00e7ula da fam\u00edlia &#8211; que desde crian\u00e7a demonstra habilidade para lidar com dinheiro.<\/p>\n<p>A hist\u00f3ria come\u00e7a com Lola e J\u00falio passando sufoco para poder pagar as parcelas do casar\u00e3o que compraram em S\u00e3o Paulo. O primeiro bem do casal sai mais caro do que eles previam por causa dos alt\u00edssimos juros do financiamento banc\u00e1rio. O im\u00f3vel acaba gerando um impasse entre eles: para ela, o local \u00e9 a alma da fam\u00edlia. Para ele, um empecilho para melhorar de vida. <\/p>\n","protected":false},"excerpt":{"rendered":"<p>Novela \u201c\u00c9ramos Seis\u201d: Justina (Julia Stockler) entra em p\u00e2nico com o barulho de tiros durante uma manifesta\u00e7\u00e3o. Carlos (Danilo Mesquita) \u00e9 atingido e morre nos bra\u00e7os de Alfredo (Nicolas Prattes). Em\u00edlia (Susana Vieira) se oferece para arcar com todas as despesas do enterro. Adelaide (Joana de Verona) diz: &#8220;O pior \u00e9 saber que este crime [&hellip;]<\/p>\n","protected":false},"author":5,"featured_media":185164,"comment_status":"open","ping_status":"closed","sticky":false,"template":"","format":"standard","meta":{"tdm_status":"","tdm_grid_status":"","footnotes":""},"categories":[388,548,379,375,343],"tags":[440],"class_list":{"0":"post-187839","1":"post","2":"type-post","3":"status-publish","4":"format-standard","5":"has-post-thumbnail","7":"category-destaques","8":"category-eramos-seis","9":"category-novelas","10":"category-rede-globo","11":"category-televisao","12":"tag-noticia-novela"},"_links":{"self":[{"href":"https:\/\/migracao.redenoticia.com.br\/noticia\/wp-json\/wp\/v2\/posts\/187839","targetHints":{"allow":["GET"]}}],"collection":[{"href":"https:\/\/migracao.redenoticia.com.br\/noticia\/wp-json\/wp\/v2\/posts"}],"about":[{"href":"https:\/\/migracao.redenoticia.com.br\/noticia\/wp-json\/wp\/v2\/types\/post"}],"author":[{"embeddable":true,"href":"https:\/\/migracao.redenoticia.com.br\/noticia\/wp-json\/wp\/v2\/users\/5"}],"replies":[{"embeddable":true,"href":"https:\/\/migracao.redenoticia.com.br\/noticia\/wp-json\/wp\/v2\/comments?post=187839"}],"version-history":[{"count":0,"href":"https:\/\/migracao.redenoticia.com.br\/noticia\/wp-json\/wp\/v2\/posts\/187839\/revisions"}],"wp:featuredmedia":[{"embeddable":true,"href":"https:\/\/migracao.redenoticia.com.br\/noticia\/wp-json\/wp\/v2\/media\/185164"}],"wp:attachment":[{"href":"https:\/\/migracao.redenoticia.com.br\/noticia\/wp-json\/wp\/v2\/media?parent=187839"}],"wp:term":[{"taxonomy":"category","embeddable":true,"href":"https:\/\/migracao.redenoticia.com.br\/noticia\/wp-json\/wp\/v2\/categories?post=187839"},{"taxonomy":"post_tag","embeddable":true,"href":"https:\/\/migracao.redenoticia.com.br\/noticia\/wp-json\/wp\/v2\/tags?post=187839"}],"curies":[{"name":"wp","href":"https:\/\/api.w.org\/{rel}","templated":true}]}}