{"id":187862,"date":"2020-02-02T23:03:15","date_gmt":"2020-02-03T02:03:15","guid":{"rendered":"https:\/\/www.redenoticia.com.br\/noticia\/?p=187862"},"modified":"2020-02-13T23:20:35","modified_gmt":"2020-02-14T02:20:35","slug":"bbb-20-enquete-votacao-quem-guilherme-deve-indicar-para-o-paredao","status":"publish","type":"post","link":"https:\/\/migracao.redenoticia.com.br\/noticia\/2020\/bbb-20-enquete-votacao-quem-guilherme-deve-indicar-para-o-paredao\/187862","title":{"rendered":"\u201cBBB\u201d 20 resultado enquete: quem Guilherme deve indicar para o pared\u00e3o"},"content":{"rendered":"<p><strong><em><img loading=\"lazy\" decoding=\"async\" class=\"aligncenter size-large wp-image-166033\" src=\"https:\/\/migracao.redenoticia.com.br\/noticia\/imagens\/BBB-enquete-votacao-400x205.jpg\" alt=\"\" width=\"400\" height=\"205\" srcset=\"https:\/\/migracao.redenoticia.com.br\/noticia\/imagens\/BBB-enquete-votacao-400x205.jpg 400w, https:\/\/migracao.redenoticia.com.br\/noticia\/imagens\/BBB-enquete-votacao-250x128.jpg 250w, https:\/\/migracao.redenoticia.com.br\/noticia\/imagens\/BBB-enquete-votacao-768x393.jpg 768w, https:\/\/migracao.redenoticia.com.br\/noticia\/imagens\/BBB-enquete-votacao-696x356.jpg 696w, https:\/\/migracao.redenoticia.com.br\/noticia\/imagens\/BBB-enquete-votacao-150x77.jpg 150w, https:\/\/migracao.redenoticia.com.br\/noticia\/imagens\/BBB-enquete-votacao-560x287.jpg 560w, https:\/\/migracao.redenoticia.com.br\/noticia\/imagens\/BBB-enquete-votacao.jpg 885w\" sizes=\"auto, (max-width: 400px) 100vw, 400px\" \/>&#8220;BBB&#8221; 20 enquete (Prova do L\u00edder 30\/01)<\/em><\/strong>: os participantes escolheram uma raia para competir em uma corrida de sacos. Guilherme escolheu a raia indicada pela vota\u00e7\u00e3o do p\u00fablico, conquistou a lideran\u00e7a e ter\u00e1 direito a quatro vetos na pr\u00f3xima semana. Pyong tamb\u00e9m escolheu uma raia premiada, ganhou o direito de indicar um brother para o pared\u00e3o e escolheu Petrix. Guilherme escolheu Hadson, Bianca, Lucas, Flayslane, Felipe, Rafa, Mari, Manu e Victor Hugo para ser Vip. <\/p>\n<p>Destaque<br \/>\n<a href=\"https:\/\/migracao.redenoticia.com.br\/noticia\/2020\/bbb-20-resultado-enquete-na-segunda-lideranca-quem-guilherme-deve-indicar-para-o-paredao\/188785\">\u201cBBB\u201d 20 resultado enquete: na segunda lideran\u00e7a, quem Guilherme deve indicar para o pared\u00e3o<\/a><\/p>\n<p>Resultado da vota\u00e7\u00e3o na enquete:<\/p>\n<p><script type=\"text\/javascript\" charset=\"utf-8\" data-cfasync=\"false\" src=\"https:\/\/secure.polldaddy.com\/p\/10498967.js\"><\/script><br \/>\n<noscript><a href=\"https:\/\/poll.fm\/10498967\">\u201cBBB\u201d 20 enquete vota\u00e7\u00e3o: quem Guilherme deve indicar para o pared\u00e3o<\/a><\/noscript><\/p>\n<p>Guilherme indicou Babu para o pared\u00e3o.<\/p>\n<div class=\"destaques\">\n<h5>Destaques:<\/h5>\n<p><a href=\"https:\/\/migracao.redenoticia.com.br\/noticia\/2020\/bbb-20-enquete-votacao-em-babu-hadson-petrix-e-pyong-movimenta-o-paredao\/187961\">\u201cBBB\u201d 20 enquete: vota\u00e7\u00e3o em Babu, Hadson, Petrix e Pyong movimentou o pared\u00e3o<\/a><br \/>\n<a href=\"https:\/\/migracao.redenoticia.com.br\/noticia\/2020\/bbb-20-ultimas-noticias\/186971\">&#8220;BBB&#8221; 20 \u00faltimas not\u00edcias<\/a><br \/>\n<a href=\"https:\/\/migracao.redenoticia.com.br\/noticia\/2020\/bbb-20-resultado-da-enquete-quem-merece-vencer-o-programa\/187630\">\u201cBBB\u201d 20 resultado da enquete: quem merece vencer o programa<\/a><br \/>\n<a href=\"https:\/\/migracao.redenoticia.com.br\/noticia\/2020\/bbb-20-prova-do-anjo-e-castigo-do-monstro\/187601\">&#8220;BBB&#8221; 20: prova do Anjo e Castigo do Monstro<\/a><\/p>\n<\/div>\n<p>Os inscritos selecionados para o grupo Pipoca: o arquiteto Felipe Prior, a cantora Flayslane Lane, advogada Gizelly Bicalho, o modelo Guilherme Napolitano, o ex-jogador Hadson Nery, o fisioterapeuta Lucas Gallina, as m\u00e9dicas Marcela Mc Gowan e Thelma Assis e o psic\u00f3logo Victor Hugo. O ator Babu Santana, as influenciadoras Bianca Andrade, Mari Gonzalez e Rafa Kalimann, as cantoras Gabi Martins e Manu Gavassi, o youtuber hipn\u00f3logo Pyong Lee, o surfista Lucas Chumbo e o ginasta Petrix Barbosa foram convidados e formaram grupo Camarote.<\/p>\n<p>Fonte e imagem &#8220;BBB&#8221; 20 Rede Globo<\/p>\n","protected":false},"excerpt":{"rendered":"<p>&#8220;BBB&#8221; 20 enquete (Prova do L\u00edder 30\/01): os participantes escolheram uma raia para competir em uma corrida de sacos. Guilherme escolheu a raia indicada pela vota\u00e7\u00e3o do p\u00fablico, conquistou a lideran\u00e7a e ter\u00e1 direito a quatro vetos na pr\u00f3xima semana. Pyong tamb\u00e9m escolheu uma raia premiada, ganhou o direito de indicar um brother para o [&hellip;]<\/p>\n","protected":false},"author":5,"featured_media":166032,"comment_status":"open","ping_status":"closed","sticky":false,"template":"","format":"standard","meta":{"tdm_status":"","tdm_grid_status":"","footnotes":""},"categories":[554,520,375,343],"tags":[466,521],"class_list":{"0":"post-187862","1":"post","2":"type-post","3":"status-publish","4":"format-standard","5":"has-post-thumbnail","7":"category-bbb-20","8":"category-big-brother-brasil","9":"category-rede-globo","10":"category-televisao","11":"tag-bbb","12":"tag-enquete"},"_links":{"self":[{"href":"https:\/\/migracao.redenoticia.com.br\/noticia\/wp-json\/wp\/v2\/posts\/187862","targetHints":{"allow":["GET"]}}],"collection":[{"href":"https:\/\/migracao.redenoticia.com.br\/noticia\/wp-json\/wp\/v2\/posts"}],"about":[{"href":"https:\/\/migracao.redenoticia.com.br\/noticia\/wp-json\/wp\/v2\/types\/post"}],"author":[{"embeddable":true,"href":"https:\/\/migracao.redenoticia.com.br\/noticia\/wp-json\/wp\/v2\/users\/5"}],"replies":[{"embeddable":true,"href":"https:\/\/migracao.redenoticia.com.br\/noticia\/wp-json\/wp\/v2\/comments?post=187862"}],"version-history":[{"count":0,"href":"https:\/\/migracao.redenoticia.com.br\/noticia\/wp-json\/wp\/v2\/posts\/187862\/revisions"}],"wp:featuredmedia":[{"embeddable":true,"href":"https:\/\/migracao.redenoticia.com.br\/noticia\/wp-json\/wp\/v2\/media\/166032"}],"wp:attachment":[{"href":"https:\/\/migracao.redenoticia.com.br\/noticia\/wp-json\/wp\/v2\/media?parent=187862"}],"wp:term":[{"taxonomy":"category","embeddable":true,"href":"https:\/\/migracao.redenoticia.com.br\/noticia\/wp-json\/wp\/v2\/categories?post=187862"},{"taxonomy":"post_tag","embeddable":true,"href":"https:\/\/migracao.redenoticia.com.br\/noticia\/wp-json\/wp\/v2\/tags?post=187862"}],"curies":[{"name":"wp","href":"https:\/\/api.w.org\/{rel}","templated":true}]}}