{"id":187978,"date":"2020-02-03T11:59:07","date_gmt":"2020-02-03T14:59:07","guid":{"rendered":"https:\/\/www.redenoticia.com.br\/noticia\/?p=187978"},"modified":"2020-02-03T11:59:07","modified_gmt":"2020-02-03T14:59:07","slug":"resumo-novela-meu-coracao-e-teu-03-02-ana-e-fernando-veem-uma-fotomontagem-deles-na-internet","status":"publish","type":"post","link":"https:\/\/migracao.redenoticia.com.br\/noticia\/2020\/resumo-novela-meu-coracao-e-teu-03-02-ana-e-fernando-veem-uma-fotomontagem-deles-na-internet\/187978","title":{"rendered":"Resumo novela \u201cMeu Cora\u00e7\u00e3o \u00e9 Teu\u201d 03\/02: Ana e Fernando veem uma fotomontagem deles na internet"},"content":{"rendered":"<p><img loading=\"lazy\" decoding=\"async\" src=\"https:\/\/migracao.redenoticia.com.br\/noticia\/imagens\/meu-coracao-e-teu-300x300.jpg\" alt=\"\" width=\"300\" height=\"300\" class=\"aligncenter size-large wp-image-183929\" srcset=\"https:\/\/migracao.redenoticia.com.br\/noticia\/imagens\/meu-coracao-e-teu-300x300.jpg 300w, https:\/\/migracao.redenoticia.com.br\/noticia\/imagens\/meu-coracao-e-teu-187x187.jpg 187w, https:\/\/migracao.redenoticia.com.br\/noticia\/imagens\/meu-coracao-e-teu-150x150.jpg 150w, https:\/\/migracao.redenoticia.com.br\/noticia\/imagens\/meu-coracao-e-teu-140x140.jpg 140w, https:\/\/migracao.redenoticia.com.br\/noticia\/imagens\/meu-coracao-e-teu-85x85.jpg 85w, https:\/\/migracao.redenoticia.com.br\/noticia\/imagens\/meu-coracao-e-teu.jpg 500w\" sizes=\"auto, (max-width: 300px) 100vw, 300px\" \/><\/p>\n<p><strong><em>Resumo da novela \u201cMeu Cora\u00e7\u00e3o \u00e9 Teu\u201d<\/em><\/strong> em 03\/02: no cap\u00edtulo 066(*) da novela, segunda-feira, 03 de fevereiro, Ana chora junto a Fernando pelo passado de sua m\u00e3e. Fernando decide ajud\u00e1-la a encontrar a m\u00e3e. Laura vai visitar Henrique e eles se beijam. Edith chega para visitar Fanny e Fernando se surpreende com sua forma de se vestir, ele comenta com Fanny sobre o estilo de Edith e ri. Nando estranha j\u00e1 que Laura n\u00e3o aparece para busc\u00e1-lo, mas tamb\u00e9m se sente aliviado, pois j\u00e1 n\u00e3o ter\u00e1 mais problemas com Helena. Fernando grita por Ana. Ana, apoiada e seguida pelas crian\u00e7as, v\u00e3o at\u00e9 o closet de Fernando, e ele os mostra seus sapatos mordiscados. Fernando deduz que existe um c\u00e3o em sua casa, e vai em seu encal\u00e7o at\u00e9 que o encontra, e fica furioso. Henrique d\u00e1 dinheiro para Laura em troca de que ela n\u00e3o o traia.<\/p>\n<p>Todos pedem a Fernando que d\u00ea sua permiss\u00e3o para que o c\u00e3ozinho Sete fique na casa, Fernando analisa bem a condi\u00e7\u00e3o e permite que o c\u00e3o fique, por\u00e9m antes faz uma s\u00e9rie de condi\u00e7\u00f5es. Fernando tamb\u00e9m pede que Sete tenha uma placa com nome e telefone de identifica\u00e7\u00e3o. Ana fica encarregada de repartir as tarefas nos cuidados ao c\u00e3ozinho. Henrique finalmente sente-se pronto para iniciar de fato a sua vingan\u00e7a \u00e0 Fernando. Ana e Fernando veem uma fotomontagem deles na internet, esta que Henrique preparou, Fernando pensa que Linda est\u00e1 por tr\u00e1s disto. Linda e Henrique ficam felizes pelo sucesso do esc\u00e2ndalo, j\u00e1 que pensam que isso ir\u00e1 repercutir na empresa de Fernando, que preza por valores familiares.<br \/>\n(*) edi\u00e7\u00e3o do SBT, Novela \u201cMeu Cora\u00e7\u00e3o \u00e9 Teu\u201d, sujeito a altera\u00e7\u00e3o de data e conte\u00fado.<\/p>\n<p>Novela \u201cMeu Cora\u00e7\u00e3o \u00e9 Teu\u201d: Ana Leal \u00e9 uma mulher alegre e otimista. Um desastre destr\u00f3i sua casa e Ana perde tudo o que tem. Fernando Lascur\u00e1in, um prestigiado empres\u00e1rio que se lembra com tristeza que h\u00e1 um ano morreu sua esposa. Fernando \u00e9 o pai de sete filhos: Fanny de 19 anos, Nando de 17 anos, Alicia de 14 anos, Sebasti\u00e3o de 11 anos, os g\u00eameos Alex e Guille de 8 anos e a pequena Luz de 4 anos. Estes sete \u201cpequenos\u201d se encarregaram de fazer a vida de dezenas de bab\u00e1s imposs\u00edvel, mas Fernando precisa urgentemente de uma bab\u00e1 que cuide de seus filhos.<\/p>\n<p>As necessidades e a vontade de se superar, levam Ana a buscar outro trabalho. Sua falta de experi\u00eancia, e sua educa\u00e7\u00e3o prec\u00e1ria complicam o processo de ela encontrar um trabalho est\u00e1vel. Mas o destino tem algo preparado a ela: por uma confus\u00e3o, Ana termina chegando \u00e0 mans\u00e3o Lascur\u00e1in sem saber que l\u00e1 encontrar\u00e1 tudo o que sempre sonhou.<\/p>\n","protected":false},"excerpt":{"rendered":"<p>Resumo da novela \u201cMeu Cora\u00e7\u00e3o \u00e9 Teu\u201d em 03\/02: no cap\u00edtulo 066(*) da novela, segunda-feira, 03 de fevereiro, Ana chora junto a Fernando pelo passado de sua m\u00e3e. Fernando decide ajud\u00e1-la a encontrar a m\u00e3e. Laura vai visitar Henrique e eles se beijam. Edith chega para visitar Fanny e Fernando se surpreende com sua forma [&hellip;]<\/p>\n","protected":false},"author":4,"featured_media":183928,"comment_status":"open","ping_status":"closed","sticky":false,"template":"","format":"standard","meta":{"tdm_status":"","tdm_grid_status":"","footnotes":""},"categories":[379,372,343],"tags":[441],"class_list":{"0":"post-187978","1":"post","2":"type-post","3":"status-publish","4":"format-standard","5":"has-post-thumbnail","7":"category-novelas","8":"category-sbt","9":"category-televisao","10":"tag-resumo-do-dia"},"_links":{"self":[{"href":"https:\/\/migracao.redenoticia.com.br\/noticia\/wp-json\/wp\/v2\/posts\/187978","targetHints":{"allow":["GET"]}}],"collection":[{"href":"https:\/\/migracao.redenoticia.com.br\/noticia\/wp-json\/wp\/v2\/posts"}],"about":[{"href":"https:\/\/migracao.redenoticia.com.br\/noticia\/wp-json\/wp\/v2\/types\/post"}],"author":[{"embeddable":true,"href":"https:\/\/migracao.redenoticia.com.br\/noticia\/wp-json\/wp\/v2\/users\/4"}],"replies":[{"embeddable":true,"href":"https:\/\/migracao.redenoticia.com.br\/noticia\/wp-json\/wp\/v2\/comments?post=187978"}],"version-history":[{"count":0,"href":"https:\/\/migracao.redenoticia.com.br\/noticia\/wp-json\/wp\/v2\/posts\/187978\/revisions"}],"wp:featuredmedia":[{"embeddable":true,"href":"https:\/\/migracao.redenoticia.com.br\/noticia\/wp-json\/wp\/v2\/media\/183928"}],"wp:attachment":[{"href":"https:\/\/migracao.redenoticia.com.br\/noticia\/wp-json\/wp\/v2\/media?parent=187978"}],"wp:term":[{"taxonomy":"category","embeddable":true,"href":"https:\/\/migracao.redenoticia.com.br\/noticia\/wp-json\/wp\/v2\/categories?post=187978"},{"taxonomy":"post_tag","embeddable":true,"href":"https:\/\/migracao.redenoticia.com.br\/noticia\/wp-json\/wp\/v2\/tags?post=187978"}],"curies":[{"name":"wp","href":"https:\/\/api.w.org\/{rel}","templated":true}]}}