{"id":187982,"date":"2020-02-03T12:01:36","date_gmt":"2020-02-03T15:01:36","guid":{"rendered":"https:\/\/www.redenoticia.com.br\/noticia\/?p=187982"},"modified":"2020-02-03T12:01:36","modified_gmt":"2020-02-03T15:01:36","slug":"resumo-novela-cumplices-de-um-resgate-03-02-priscila-nao-corre-risco-de-vida-2","status":"publish","type":"post","link":"https:\/\/migracao.redenoticia.com.br\/noticia\/2020\/resumo-novela-cumplices-de-um-resgate-03-02-priscila-nao-corre-risco-de-vida-2\/187982","title":{"rendered":"Resumo novela \u201cC\u00famplices de um Resgate\u201d 03\/02: Priscila n\u00e3o corre risco de vida"},"content":{"rendered":"<p><img loading=\"lazy\" decoding=\"async\" class=\"aligncenter size-large wp-image-164526\" src=\"https:\/\/migracao.redenoticia.com.br\/noticia\/imagens\/cumplices-de-um-resgate-001-316x300.jpg\" alt=\"\" width=\"316\" height=\"300\" srcset=\"https:\/\/migracao.redenoticia.com.br\/noticia\/imagens\/cumplices-de-um-resgate-001-316x300.jpg 316w, https:\/\/migracao.redenoticia.com.br\/noticia\/imagens\/cumplices-de-um-resgate-001-197x187.jpg 197w, https:\/\/migracao.redenoticia.com.br\/noticia\/imagens\/cumplices-de-um-resgate-001-150x143.jpg 150w, https:\/\/migracao.redenoticia.com.br\/noticia\/imagens\/cumplices-de-um-resgate-001.jpg 526w\" sizes=\"auto, (max-width: 316px) 100vw, 316px\" \/><\/p>\n<p><strong><em>Resumo novela \u201cC\u00famplices de um Resgate\u201d 03\/02<\/em><\/strong>: no cap\u00edtulo 282(*) da novela, segunda-feira, 03 de fevereiro, Regina almo\u00e7a com Geraldo em uma outra mesa, diferente da que est\u00e1 Isabela com Ot\u00e1vio. Giuseppe est\u00e1 com dificuldade para vender os sapatos que nomeou com o nome de Fiorina. Ta\u00edsa revela para Lurdinha que est\u00e1 apaixonada por Frederico. A mo\u00e7a diz que achava que ele era gay, por\u00e9m descobriu que o estilista \u00e9 apenas um homem carinhoso. Lurdinha se distrai e lembra de todas as investidas de Frederico. A recepcionista pensa pela primeira vez que tamb\u00e9m pode gostar do estilista.<\/p>\n<p>Raul conta para todos que Priscila n\u00e3o corre mais risco de vida. Todos comemoram. Aurora, Fortunado e Safira v\u00e3o at\u00e9 o quarto da garota, que se emociona. \u201cO pior j\u00e1 passou\u201d, diz Safira para a filha. Giuseppe tenta vender os sapatos na cidade. Rebeca sente falta de Manuela e liga para a garota, que n\u00e3o atende. Isabela fica com ci\u00fame de Manuela, que est\u00e1 indo bem na banda C1R. Rebeca fica nervosa e procura a filha pelo vilarejo.<\/p>\n<p>(*) edi\u00e7\u00e3o do SBT, Novela \u201cC\u00famplices de um Resgate\u201d, sujeito a altera\u00e7\u00e3o de data e conte\u00fado.<\/p>\n<p>\u201cC\u00famplices de um Resgate\u201d &#8211; Duas irm\u00e3s g\u00eameas univitelinas que foram separadas ap\u00f3s nascimento, se reencontram somente ap\u00f3s doze anos. Manuela, uma das g\u00eameas, \u00e9 doce, meiga, gentil, e muito talentosa para a m\u00fasica e tem uma voz encantadora. Vive uma vida feliz no Vilarejo dos Sonhos, onde mora com sua av\u00f3 Nina, sua tia Helena e sua m\u00e3e Rebeca, que d\u00e1 muito amor e carinho a filha por ela nunca ter tido um pai, e ela \u00e9 a m\u00e3e biol\u00f3gica das duas garotas, mas nunca soube que teve g\u00eameas.<\/p>\n","protected":false},"excerpt":{"rendered":"<p>Resumo novela \u201cC\u00famplices de um Resgate\u201d 03\/02: no cap\u00edtulo 282(*) da novela, segunda-feira, 03 de fevereiro, Regina almo\u00e7a com Geraldo em uma outra mesa, diferente da que est\u00e1 Isabela com Ot\u00e1vio. Giuseppe est\u00e1 com dificuldade para vender os sapatos que nomeou com o nome de Fiorina. Ta\u00edsa revela para Lurdinha que est\u00e1 apaixonada por Frederico. [&hellip;]<\/p>\n","protected":false},"author":4,"featured_media":164526,"comment_status":"open","ping_status":"closed","sticky":false,"template":"","format":"standard","meta":{"tdm_status":"","tdm_grid_status":"","footnotes":""},"categories":[379,372,343],"tags":[441],"class_list":{"0":"post-187982","1":"post","2":"type-post","3":"status-publish","4":"format-standard","5":"has-post-thumbnail","7":"category-novelas","8":"category-sbt","9":"category-televisao","10":"tag-resumo-do-dia"},"_links":{"self":[{"href":"https:\/\/migracao.redenoticia.com.br\/noticia\/wp-json\/wp\/v2\/posts\/187982","targetHints":{"allow":["GET"]}}],"collection":[{"href":"https:\/\/migracao.redenoticia.com.br\/noticia\/wp-json\/wp\/v2\/posts"}],"about":[{"href":"https:\/\/migracao.redenoticia.com.br\/noticia\/wp-json\/wp\/v2\/types\/post"}],"author":[{"embeddable":true,"href":"https:\/\/migracao.redenoticia.com.br\/noticia\/wp-json\/wp\/v2\/users\/4"}],"replies":[{"embeddable":true,"href":"https:\/\/migracao.redenoticia.com.br\/noticia\/wp-json\/wp\/v2\/comments?post=187982"}],"version-history":[{"count":0,"href":"https:\/\/migracao.redenoticia.com.br\/noticia\/wp-json\/wp\/v2\/posts\/187982\/revisions"}],"wp:featuredmedia":[{"embeddable":true,"href":"https:\/\/migracao.redenoticia.com.br\/noticia\/wp-json\/wp\/v2\/media\/164526"}],"wp:attachment":[{"href":"https:\/\/migracao.redenoticia.com.br\/noticia\/wp-json\/wp\/v2\/media?parent=187982"}],"wp:term":[{"taxonomy":"category","embeddable":true,"href":"https:\/\/migracao.redenoticia.com.br\/noticia\/wp-json\/wp\/v2\/categories?post=187982"},{"taxonomy":"post_tag","embeddable":true,"href":"https:\/\/migracao.redenoticia.com.br\/noticia\/wp-json\/wp\/v2\/tags?post=187982"}],"curies":[{"name":"wp","href":"https:\/\/api.w.org\/{rel}","templated":true}]}}