{"id":1880,"date":"2009-05-22T05:40:28","date_gmt":"2009-05-22T09:40:28","guid":{"rendered":"http:\/\/www.redenoticia.com.br\/noticia\/?p=1880"},"modified":"2009-05-22T05:40:28","modified_gmt":"2009-05-22T09:40:28","slug":"cursos-de-agronomia-e-arquitetura-j-podem-se-candidatar-a-selo-de-qualidade-do-mercosul","status":"publish","type":"post","link":"https:\/\/migracao.redenoticia.com.br\/noticia\/2009\/cursos-de-agronomia-e-arquitetura-j-podem-se-candidatar-a-selo-de-qualidade-do-mercosul\/1880","title":{"rendered":"Cursos de agronomia e arquitetura j&aacute; podem se candidatar a selo de qualidade do Mercosul"},"content":{"rendered":"<p>Cursos brasileiros de agronomia e arquitetura j\u00e1 podem se inscrever para receber um selo de qualidade do Mercado Comum do Sul (Mercosul). As institui\u00e7\u00f5es de ensino superior interessadas devem se inscrever at\u00e9 o dia 30 deste m\u00eas no processo de credita\u00e7\u00e3o. <\/p>\n<p>Na primeira fase, poder\u00e3o receber o selo at\u00e9 20 cursos de agronomia e 20 de arquitetura brasileiros, tanto de institui\u00e7\u00f5es p\u00fablicas quantu privadas. A avalia\u00e7\u00e3o ficar\u00e1 sob a responsabilidade do Sistema de Acredita\u00e7\u00e3o Regional de Cursos de Car\u00e1ter Universit\u00e1rio (Arcu-sul).Al\u00e9m do Brasil, da Argentina, do Paraguai e do Uruguai, membros do bloco, o sistema inclui a Venezuela, o Chile e a Bol\u00edvia. <\/p>\n<p>Tr\u00eas condi\u00e7\u00f5es s\u00e3o b\u00e1sicas para participar do processo de avalia\u00e7\u00e3o. A institui\u00e7\u00e3o precisa desenvolver atividades de ensino, pesquisa e extens\u00e3o, ter pelo menos dez anos de funcionamento e ser avaliada pelo Sistema Nacional de Avalia\u00e7\u00e3o da Educa\u00e7\u00e3o Superior (Sinaes). <\/p>\n<p>A participa\u00e7\u00e3o das institui\u00e7\u00f5es n\u00e3o \u00e9 obrigat\u00f3ria, j\u00e1 que o objetivo do selo n\u00e3o \u00e9 regular os cursos, mas conferir a eles um atestado de qualidade de ensino. No segundo semestre deste ano, passar\u00e3o pelo mesmo processo os cursos de enfermagem e veterin\u00e1ria e, no pr\u00f3ximo ano, os de engenharia.<\/p>\n<p>Para se candidatar, a institui\u00e7\u00e3o interessada deve firmar um termo de compromisso de participa\u00e7\u00e3o volunt\u00e1ria e enviar para o endere\u00e7o eletr\u00f4nico conaes.mercosul@mec.gov.br. O processo dever\u00e1 ser feito pelo coordenador de curso, com aprova\u00e7\u00e3o do pr\u00f3-reitor de gradua\u00e7\u00e3o ou de detentor de cargo equivalente. <\/p>\n<p>Ser\u00e3o realizadas visitas <i>in loco<\/i> em cada institui\u00e7\u00e3o inscrita. Especialistas v\u00e3o avaliar se o curso atende aos crit\u00e9rios de qualidade estabelecidos. Posteriormente, a Comiss\u00e3o Nacional de Avalia\u00e7\u00e3o da Educa\u00e7\u00e3o Superior (Conaes) divulgar\u00e1 os relat\u00f3rios das visitas e a lista dos cursos que receber\u00e3o o selo. <\/p>\n<p>Mais informa\u00e7\u00f5es podem ser obtidas no<a href=\"http:\/\/portal.mec.gov.br\/index.php?option=com_content&amp;view=article&amp;id=13454:acreditacao-de-cursos-no-sistema-arcu-sul&amp;catid=323:orgaos-vinculados\"><i> site<\/i><\/a> do Minist\u00e9rio da Educa\u00e7\u00e3o ou pelos telefones (61) 2104-9975 e 2104-6233.<\/p>\n<p>Amanda Cieglinski    <br \/><i>Rep\u00f3rter da Ag\u00eancia Brasil<\/i><\/p>\n","protected":false},"excerpt":{"rendered":"<p>Cursos brasileiros de agronomia e arquitetura j\u00e1 podem se inscrever para receber um selo de qualidade do Mercado Comum do Sul (Mercosul). As institui\u00e7\u00f5es de ensino superior interessadas devem se inscrever at\u00e9 o dia 30 deste m\u00eas no processo de credita\u00e7\u00e3o. Na primeira fase, poder\u00e3o receber o selo at\u00e9 20 cursos de agronomia e 20 [&hellip;]<\/p>\n","protected":false},"author":2,"featured_media":0,"comment_status":"open","ping_status":"open","sticky":false,"template":"","format":"standard","meta":{"tdm_status":"","tdm_grid_status":"","footnotes":""},"categories":[22],"tags":[],"class_list":{"0":"post-1880","1":"post","2":"type-post","3":"status-publish","4":"format-standard","6":"category-brasil"},"_links":{"self":[{"href":"https:\/\/migracao.redenoticia.com.br\/noticia\/wp-json\/wp\/v2\/posts\/1880","targetHints":{"allow":["GET"]}}],"collection":[{"href":"https:\/\/migracao.redenoticia.com.br\/noticia\/wp-json\/wp\/v2\/posts"}],"about":[{"href":"https:\/\/migracao.redenoticia.com.br\/noticia\/wp-json\/wp\/v2\/types\/post"}],"author":[{"embeddable":true,"href":"https:\/\/migracao.redenoticia.com.br\/noticia\/wp-json\/wp\/v2\/users\/2"}],"replies":[{"embeddable":true,"href":"https:\/\/migracao.redenoticia.com.br\/noticia\/wp-json\/wp\/v2\/comments?post=1880"}],"version-history":[{"count":0,"href":"https:\/\/migracao.redenoticia.com.br\/noticia\/wp-json\/wp\/v2\/posts\/1880\/revisions"}],"wp:attachment":[{"href":"https:\/\/migracao.redenoticia.com.br\/noticia\/wp-json\/wp\/v2\/media?parent=1880"}],"wp:term":[{"taxonomy":"category","embeddable":true,"href":"https:\/\/migracao.redenoticia.com.br\/noticia\/wp-json\/wp\/v2\/categories?post=1880"},{"taxonomy":"post_tag","embeddable":true,"href":"https:\/\/migracao.redenoticia.com.br\/noticia\/wp-json\/wp\/v2\/tags?post=1880"}],"curies":[{"name":"wp","href":"https:\/\/api.w.org\/{rel}","templated":true}]}}