{"id":188116,"date":"2020-02-04T19:53:25","date_gmt":"2020-02-04T22:53:25","guid":{"rendered":"https:\/\/www.redenoticia.com.br\/noticia\/?p=188116"},"modified":"2020-02-04T19:53:25","modified_gmt":"2020-02-04T22:53:25","slug":"resumo-novela-salve-se-quem-puder-05-02-confirmada-a-morte-das-meninas","status":"publish","type":"post","link":"https:\/\/migracao.redenoticia.com.br\/noticia\/2020\/resumo-novela-salve-se-quem-puder-05-02-confirmada-a-morte-das-meninas\/188116","title":{"rendered":"Resumo novela \u201cSalve-se Quem Puder\u201d 05\/02: confirmada a morte das meninas"},"content":{"rendered":"<p><img loading=\"lazy\" decoding=\"async\" class=\"aligncenter size-large wp-image-186172\" src=\"https:\/\/migracao.redenoticia.com.br\/noticia\/imagens\/salve-se-quem-puder-323x300.jpg\" alt=\"\" width=\"323\" height=\"300\" srcset=\"https:\/\/migracao.redenoticia.com.br\/noticia\/imagens\/salve-se-quem-puder-323x300.jpg 323w, https:\/\/migracao.redenoticia.com.br\/noticia\/imagens\/salve-se-quem-puder-202x187.jpg 202w, https:\/\/migracao.redenoticia.com.br\/noticia\/imagens\/salve-se-quem-puder-151x140.jpg 151w, https:\/\/migracao.redenoticia.com.br\/noticia\/imagens\/salve-se-quem-puder-92x85.jpg 92w, https:\/\/migracao.redenoticia.com.br\/noticia\/imagens\/salve-se-quem-puder.jpg 566w\" sizes=\"auto, (max-width: 323px) 100vw, 323px\" \/><\/p>\n<p><em><strong>Resumo novela \u201cSalve-se Quem Puder\u201d 05\/02<\/strong><\/em>: no cap\u00edtulo 009(*) da novela, quarta-feira, 05 de fevereiro, Alexia\/Josimara chama Zezinho de Renzo e deixa Ermelinda desconfiada. Renzo se sente culpado quando Rafael demonstra gratid\u00e3o por ele. Ermelinda conta \u00e0s meninas que o povo da cidade ficou encantado com a voz de Alexia\/Josimara. Luna aconselha Alexia\/Josimara a esquecer Renzo, para n\u00e3o prejudic\u00e1-las. Alan diz a Tarantino que o desaparecimento de Alexia est\u00e1 piorando a situa\u00e7\u00e3o de Ign\u00e1cio. Alexia\/Josimara agradece Zezinho por ter cuidado dela e finge n\u00e3o se lembrar do beijo que deu no rapaz.<\/p>\n<p>J\u00fanior e Bia tentam animar Agnes. Ivo comunica a Luna\/Fiona, Alexia\/Josimara e Kyra\/Cleyde que, para manter suas fam\u00edlias vivas, foi necess\u00e1rio confirmar a morte das tr\u00eas para despistar os bandidos. Juan pede satisfa\u00e7\u00f5es a consulesa sobre a morte de Luna\/Fiona. Luna\/Fiona, Kyra\/Cleyde e Alexia\/Josimara se unem para enfrentar a dificuldade da situa\u00e7\u00e3o.<\/p>\n<p>(*) edi\u00e7\u00e3o da Rede Globo, Novela \u201cSalve-se Quem Puder\u201d, sujeito a altera\u00e7\u00e3o de data e conte\u00fado.<\/p>\n<p>Sinopse \u201cSalve-se Quem Puder\u201d: Tr\u00eas mulheres com novas identidades e uma \u00fanica certeza: suas vidas est\u00e3o entrela\u00e7adas para sempre. Salve-se Quem Puder conta a hist\u00f3ria de Alexia (Deborah Secco), Luna (Juliana Paiva) e Kyra (Vit\u00f3ria Strada), que ingressam no Programa de Prote\u00e7\u00e3o \u00e0 Testemunha e mudam de vida ap\u00f3s presenciarem um crime. Para sobreviver, elas mudam o nome, a apar\u00eancia, o estilo de vida e v\u00e3o morar na fict\u00edcia Judas do Norte, no interior de S\u00e3o Paulo, depois que s\u00e3o dadas como mortas.<\/p>\n<p>Alexia vira Josimara, Luna assume o nome de Fiona e Kyra \u00e9 Cleyde, novas pessoas com um padr\u00e3o de vida bem diferente. Elas ser\u00e3o acolhidas por uma fam\u00edlia protetora &#8211; que n\u00e3o sabe nada sobre o passado delas &#8211; e v\u00e3o precisar seguir regras r\u00edgidas para permanecerem no programa. A primeira delas \u00e9 a interrup\u00e7\u00e3o imediata de qualquer tipo de contato com conhecidos, por isso, celulares e rede sociais s\u00e3o proibidos, assim como frequentar os mesmos lugares e cultivar h\u00e1bitos do passado.<\/p>\n","protected":false},"excerpt":{"rendered":"<p>Resumo novela \u201cSalve-se Quem Puder\u201d 05\/02: no cap\u00edtulo 009(*) da novela, quarta-feira, 05 de fevereiro, Alexia\/Josimara chama Zezinho de Renzo e deixa Ermelinda desconfiada. Renzo se sente culpado quando Rafael demonstra gratid\u00e3o por ele. Ermelinda conta \u00e0s meninas que o povo da cidade ficou encantado com a voz de Alexia\/Josimara. Luna aconselha Alexia\/Josimara a esquecer [&hellip;]<\/p>\n","protected":false},"author":5,"featured_media":187396,"comment_status":"open","ping_status":"closed","sticky":false,"template":"","format":"standard","meta":{"tdm_status":"","tdm_grid_status":"","footnotes":""},"categories":[379,375,553,343],"tags":[441],"class_list":{"0":"post-188116","1":"post","2":"type-post","3":"status-publish","4":"format-standard","5":"has-post-thumbnail","7":"category-novelas","8":"category-rede-globo","9":"category-salve-se-quem-puder","10":"category-televisao","11":"tag-resumo-do-dia"},"_links":{"self":[{"href":"https:\/\/migracao.redenoticia.com.br\/noticia\/wp-json\/wp\/v2\/posts\/188116","targetHints":{"allow":["GET"]}}],"collection":[{"href":"https:\/\/migracao.redenoticia.com.br\/noticia\/wp-json\/wp\/v2\/posts"}],"about":[{"href":"https:\/\/migracao.redenoticia.com.br\/noticia\/wp-json\/wp\/v2\/types\/post"}],"author":[{"embeddable":true,"href":"https:\/\/migracao.redenoticia.com.br\/noticia\/wp-json\/wp\/v2\/users\/5"}],"replies":[{"embeddable":true,"href":"https:\/\/migracao.redenoticia.com.br\/noticia\/wp-json\/wp\/v2\/comments?post=188116"}],"version-history":[{"count":0,"href":"https:\/\/migracao.redenoticia.com.br\/noticia\/wp-json\/wp\/v2\/posts\/188116\/revisions"}],"wp:featuredmedia":[{"embeddable":true,"href":"https:\/\/migracao.redenoticia.com.br\/noticia\/wp-json\/wp\/v2\/media\/187396"}],"wp:attachment":[{"href":"https:\/\/migracao.redenoticia.com.br\/noticia\/wp-json\/wp\/v2\/media?parent=188116"}],"wp:term":[{"taxonomy":"category","embeddable":true,"href":"https:\/\/migracao.redenoticia.com.br\/noticia\/wp-json\/wp\/v2\/categories?post=188116"},{"taxonomy":"post_tag","embeddable":true,"href":"https:\/\/migracao.redenoticia.com.br\/noticia\/wp-json\/wp\/v2\/tags?post=188116"}],"curies":[{"name":"wp","href":"https:\/\/api.w.org\/{rel}","templated":true}]}}