{"id":188174,"date":"2020-02-05T11:45:15","date_gmt":"2020-02-05T14:45:15","guid":{"rendered":"https:\/\/www.redenoticia.com.br\/noticia\/?p=188174"},"modified":"2020-02-05T11:45:15","modified_gmt":"2020-02-05T14:45:15","slug":"resumo-novela-meu-coracao-e-teu-06-02-ana-e-fernando-sao-presos","status":"publish","type":"post","link":"https:\/\/migracao.redenoticia.com.br\/noticia\/2020\/resumo-novela-meu-coracao-e-teu-06-02-ana-e-fernando-sao-presos\/188174","title":{"rendered":"Resumo novela \u201cMeu Cora\u00e7\u00e3o \u00e9 Teu\u201d 06\/02: Ana e Fernando s\u00e3o presos"},"content":{"rendered":"<p><img loading=\"lazy\" decoding=\"async\" class=\"aligncenter size-large wp-image-183929\" src=\"https:\/\/migracao.redenoticia.com.br\/noticia\/imagens\/meu-coracao-e-teu-300x300.jpg\" alt=\"\" width=\"300\" height=\"300\" srcset=\"https:\/\/migracao.redenoticia.com.br\/noticia\/imagens\/meu-coracao-e-teu-300x300.jpg 300w, https:\/\/migracao.redenoticia.com.br\/noticia\/imagens\/meu-coracao-e-teu-187x187.jpg 187w, https:\/\/migracao.redenoticia.com.br\/noticia\/imagens\/meu-coracao-e-teu-150x150.jpg 150w, https:\/\/migracao.redenoticia.com.br\/noticia\/imagens\/meu-coracao-e-teu-140x140.jpg 140w, https:\/\/migracao.redenoticia.com.br\/noticia\/imagens\/meu-coracao-e-teu-85x85.jpg 85w, https:\/\/migracao.redenoticia.com.br\/noticia\/imagens\/meu-coracao-e-teu.jpg 500w\" sizes=\"auto, (max-width: 300px) 100vw, 300px\" \/><\/p>\n<p><strong><em>Resumo da novela \u201cMeu Cora\u00e7\u00e3o \u00e9 Teu\u201d<\/em><\/strong> em 06\/02: no cap\u00edtulo 069(*) da novela, quinta-feira, 06 de fevereiro, Linda acusa Fernando perante os diretores do conselho de ser um homem imoral que manchou a reputa\u00e7\u00e3o da empresa. Ele decide apresentar sua ren\u00fancia ao cargo de presidente. Fernando pede a Beatriz que redija sua carta de ren\u00fancia de cargo.Linda fica feliz e avisa Henrique que o plano deles funcionou. Edna se despede de Johnny, j\u00e1 que a rela\u00e7\u00e3o entre eles n\u00e3o funcionou. Diego procura na \u201cinternet\u201d a foto de Ana e Fernando e descobre que, na realidade, ela \u00e9 uma montagem.<\/p>\n<p>Fernando pede \u00e0 Ana que v\u00e1 v\u00ea-lo em seu escrit\u00f3rio, Diego fica com ci\u00fames. Natalia \u00e9 a professora de fotografia de Fanny e ela descobre que tamb\u00e9m \u00e9 uma amiga de \u201caventuras\u201d de Diego. Nicolas se oferece para pagar a d\u00edvida que Ana tem com Dorival, por causa da opera\u00e7\u00e3o de Jennifer, que fica muito agradecida a ele. Helena segue com ataques de f\u00faria contra Laura porque ela a provoca, Nando est\u00e1 cansado desta situa\u00e7\u00e3o. Edith leva Fanny para conhecer a mans\u00e3o onde ela viveu por quinze anos de sua vida. Fernando diz a Ana que est\u00e1 esgotado por tantos problemas.<\/p>\n<p>Ana o apoia e diz que eles provar\u00e3o que a foto usada por Linda \u00e9 uma montagem. Diego se encontra com Natalia. Manuela golpeia Bruno com uma frigideira depois que ele confessa que n\u00e3o a ama. Bruno perde a consci\u00eancia e quando a retoma est\u00e1 com amn\u00e9sia. Ana e Fernando saem para socorrer Bruno. Fernando dirige acima da velocidade permitida e um policial o det\u00e9m, Ana discute com o policial e os dois v\u00e3o parar na delegacia. Ana consegue se comunicar com Diego e pede que ele v\u00e1 ajud\u00e1-los.<\/p>\n<p>(*) edi\u00e7\u00e3o do SBT, Novela \u201cMeu Cora\u00e7\u00e3o \u00e9 Teu\u201d, sujeito a altera\u00e7\u00e3o de data e conte\u00fado.<\/p>\n<p>Novela \u201cMeu Cora\u00e7\u00e3o \u00e9 Teu\u201d: Ana Leal \u00e9 uma mulher alegre e otimista. Um desastre destr\u00f3i sua casa e Ana perde tudo o que tem. Fernando Lascur\u00e1in, um prestigiado empres\u00e1rio que se lembra com tristeza que h\u00e1 um ano morreu sua esposa. Fernando \u00e9 o pai de sete filhos: Fanny de 19 anos, Nando de 17 anos, Alicia de 14 anos, Sebasti\u00e3o de 11 anos, os g\u00eameos Alex e Guille de 8 anos e a pequena Luz de 4 anos. Estes sete \u201cpequenos\u201d se encarregaram de fazer a vida de dezenas de bab\u00e1s imposs\u00edvel, mas Fernando precisa urgentemente de uma bab\u00e1 que cuide de seus filhos.<\/p>\n<p>As necessidades e a vontade de se superar, levam Ana a buscar outro trabalho. Sua falta de experi\u00eancia, e sua educa\u00e7\u00e3o prec\u00e1ria complicam o processo de ela encontrar um trabalho est\u00e1vel. Mas o destino tem algo preparado a ela: por uma confus\u00e3o, Ana termina chegando \u00e0 mans\u00e3o Lascur\u00e1in sem saber que l\u00e1 encontrar\u00e1 tudo o que sempre sonhou.<\/p>\n","protected":false},"excerpt":{"rendered":"<p>Resumo da novela \u201cMeu Cora\u00e7\u00e3o \u00e9 Teu\u201d em 06\/02: no cap\u00edtulo 069(*) da novela, quinta-feira, 06 de fevereiro, Linda acusa Fernando perante os diretores do conselho de ser um homem imoral que manchou a reputa\u00e7\u00e3o da empresa. Ele decide apresentar sua ren\u00fancia ao cargo de presidente. Fernando pede a Beatriz que redija sua carta de [&hellip;]<\/p>\n","protected":false},"author":4,"featured_media":183928,"comment_status":"open","ping_status":"closed","sticky":false,"template":"","format":"standard","meta":{"tdm_status":"","tdm_grid_status":"","footnotes":""},"categories":[379,372,343],"tags":[441],"class_list":{"0":"post-188174","1":"post","2":"type-post","3":"status-publish","4":"format-standard","5":"has-post-thumbnail","7":"category-novelas","8":"category-sbt","9":"category-televisao","10":"tag-resumo-do-dia"},"_links":{"self":[{"href":"https:\/\/migracao.redenoticia.com.br\/noticia\/wp-json\/wp\/v2\/posts\/188174","targetHints":{"allow":["GET"]}}],"collection":[{"href":"https:\/\/migracao.redenoticia.com.br\/noticia\/wp-json\/wp\/v2\/posts"}],"about":[{"href":"https:\/\/migracao.redenoticia.com.br\/noticia\/wp-json\/wp\/v2\/types\/post"}],"author":[{"embeddable":true,"href":"https:\/\/migracao.redenoticia.com.br\/noticia\/wp-json\/wp\/v2\/users\/4"}],"replies":[{"embeddable":true,"href":"https:\/\/migracao.redenoticia.com.br\/noticia\/wp-json\/wp\/v2\/comments?post=188174"}],"version-history":[{"count":0,"href":"https:\/\/migracao.redenoticia.com.br\/noticia\/wp-json\/wp\/v2\/posts\/188174\/revisions"}],"wp:featuredmedia":[{"embeddable":true,"href":"https:\/\/migracao.redenoticia.com.br\/noticia\/wp-json\/wp\/v2\/media\/183928"}],"wp:attachment":[{"href":"https:\/\/migracao.redenoticia.com.br\/noticia\/wp-json\/wp\/v2\/media?parent=188174"}],"wp:term":[{"taxonomy":"category","embeddable":true,"href":"https:\/\/migracao.redenoticia.com.br\/noticia\/wp-json\/wp\/v2\/categories?post=188174"},{"taxonomy":"post_tag","embeddable":true,"href":"https:\/\/migracao.redenoticia.com.br\/noticia\/wp-json\/wp\/v2\/tags?post=188174"}],"curies":[{"name":"wp","href":"https:\/\/api.w.org\/{rel}","templated":true}]}}