{"id":188176,"date":"2020-02-05T11:46:30","date_gmt":"2020-02-05T14:46:30","guid":{"rendered":"https:\/\/www.redenoticia.com.br\/noticia\/?p=188176"},"modified":"2020-02-05T11:46:30","modified_gmt":"2020-02-05T14:46:30","slug":"resumo-novela-as-aventuras-de-poliana-06-02-bento-foge-e-se-machuca-na-rua","status":"publish","type":"post","link":"https:\/\/migracao.redenoticia.com.br\/noticia\/2020\/resumo-novela-as-aventuras-de-poliana-06-02-bento-foge-e-se-machuca-na-rua\/188176","title":{"rendered":"Resumo novela \u201cAs Aventuras de Poliana\u201d 06\/02: Bento foge e se machuca na rua"},"content":{"rendered":"<p><img loading=\"lazy\" decoding=\"async\" class=\"aligncenter size-large wp-image-148662\" src=\"https:\/\/migracao.redenoticia.com.br\/noticia\/imagens\/as-aventuras-de-poliana-novela-400x267.jpg\" alt=\"\" width=\"400\" height=\"267\" srcset=\"https:\/\/migracao.redenoticia.com.br\/noticia\/imagens\/as-aventuras-de-poliana-novela-400x267.jpg 400w, https:\/\/migracao.redenoticia.com.br\/noticia\/imagens\/as-aventuras-de-poliana-novela-250x167.jpg 250w, https:\/\/migracao.redenoticia.com.br\/noticia\/imagens\/as-aventuras-de-poliana-novela-150x100.jpg 150w, https:\/\/migracao.redenoticia.com.br\/noticia\/imagens\/as-aventuras-de-poliana-novela.jpg 600w\" sizes=\"auto, (max-width: 400px) 100vw, 400px\" \/><\/p>\n<p><strong><em>Resumo novela \u201cAs Aventuras de Poliana\u201d 06\/02<\/em><\/strong>: no cap\u00edtulo 452(*) da novela, quinta-feira, 06 de fevereiro, Lu\u00edsa decide mostrar a carta de Alice para Marcelo. Pendleton pede que Lu\u00edsa passe alguns dias em sua casa para cuidar das meninas enquanto ele viaja. Yasmin escuta Raquel falar que \u00e9 verdadeira Dark Lady. Jo\u00e3o fica com ci\u00fames de Eric e Poliana.<\/p>\n<p>Iuri pede desculpas a Sophie pela atitude rude de seu pai. Fernanda v\u00ea D\u00e9bora e Afonso conversando. Bento foge. Ruth alerta a todos sobre o sumi\u00e7o de Bento. Lu\u00edsa pergunta se Ester gosta realmente de Pendleton. Nasce o irm\u00e3o de Gael, Ben\u00edcio e Yasmin. Arlete tenta ensinar bons modos a Mosquito. Bento se machuca na rua.<\/p>\n<p>(*) edi\u00e7\u00e3o do SBT, Novela \u201cAs Aventuras de Poliana\u201d, sujeito a altera\u00e7\u00e3o de data e conte\u00fado.<\/p>\n<p>\u201cAs Aventuras de Poliana\u201d &#8211; Poliana \u00e9 uma menina extrovertida e de bom cora\u00e7\u00e3o que viajava o Brasil com seus pais, Lorenzo e Alice, no grupo circense Trupe Vagalume. Aos onze anos a garota v\u00ea seu mundo desabar quando seus pais falecem e ela tem que ir morar em S\u00e3o Paulo com sua tia Lu\u00edsa, uma mulher rica e severa, a qual ela n\u00e3o conhecia e que n\u00e3o queria cuidar dela, embora sinta que \u00e9 sua obriga\u00e7\u00e3o pela alma de sua irm\u00e3.<\/p>\n<p>Apesar do jeito da rigidez da tia, Poliana decide ter uma vis\u00e3o positiva e inabal\u00e1vel da vida, mesmo nos momentos de dificuldade, tentando levar um pouco de felicidade para a vida de cada um dos seus novos amigos e vizinhos, como o Sr. Pendleton, um homem rico e infeliz por nunca ter tido filhos. Ela vai estudar no col\u00e9gio de Ruth, uma diretora de bom cora\u00e7\u00e3o que a ajuda a se adaptar, mas tem que lidar com as vilanias de Mirela, garota mais velha que n\u00e3o aceita perder a popularidade para uma novata.<\/p>\n","protected":false},"excerpt":{"rendered":"<p>Resumo novela \u201cAs Aventuras de Poliana\u201d 06\/02: no cap\u00edtulo 452(*) da novela, quinta-feira, 06 de fevereiro, Lu\u00edsa decide mostrar a carta de Alice para Marcelo. Pendleton pede que Lu\u00edsa passe alguns dias em sua casa para cuidar das meninas enquanto ele viaja. Yasmin escuta Raquel falar que \u00e9 verdadeira Dark Lady. Jo\u00e3o fica com ci\u00fames [&hellip;]<\/p>\n","protected":false},"author":4,"featured_media":148663,"comment_status":"open","ping_status":"closed","sticky":false,"template":"","format":"standard","meta":{"tdm_status":"","tdm_grid_status":"","footnotes":""},"categories":[477,379,372,343],"tags":[441],"class_list":{"0":"post-188176","1":"post","2":"type-post","3":"status-publish","4":"format-standard","5":"has-post-thumbnail","7":"category-as-aventuras-de-poliana","8":"category-novelas","9":"category-sbt","10":"category-televisao","11":"tag-resumo-do-dia"},"_links":{"self":[{"href":"https:\/\/migracao.redenoticia.com.br\/noticia\/wp-json\/wp\/v2\/posts\/188176","targetHints":{"allow":["GET"]}}],"collection":[{"href":"https:\/\/migracao.redenoticia.com.br\/noticia\/wp-json\/wp\/v2\/posts"}],"about":[{"href":"https:\/\/migracao.redenoticia.com.br\/noticia\/wp-json\/wp\/v2\/types\/post"}],"author":[{"embeddable":true,"href":"https:\/\/migracao.redenoticia.com.br\/noticia\/wp-json\/wp\/v2\/users\/4"}],"replies":[{"embeddable":true,"href":"https:\/\/migracao.redenoticia.com.br\/noticia\/wp-json\/wp\/v2\/comments?post=188176"}],"version-history":[{"count":0,"href":"https:\/\/migracao.redenoticia.com.br\/noticia\/wp-json\/wp\/v2\/posts\/188176\/revisions"}],"wp:featuredmedia":[{"embeddable":true,"href":"https:\/\/migracao.redenoticia.com.br\/noticia\/wp-json\/wp\/v2\/media\/148663"}],"wp:attachment":[{"href":"https:\/\/migracao.redenoticia.com.br\/noticia\/wp-json\/wp\/v2\/media?parent=188176"}],"wp:term":[{"taxonomy":"category","embeddable":true,"href":"https:\/\/migracao.redenoticia.com.br\/noticia\/wp-json\/wp\/v2\/categories?post=188176"},{"taxonomy":"post_tag","embeddable":true,"href":"https:\/\/migracao.redenoticia.com.br\/noticia\/wp-json\/wp\/v2\/tags?post=188176"}],"curies":[{"name":"wp","href":"https:\/\/api.w.org\/{rel}","templated":true}]}}