{"id":188242,"date":"2020-02-09T18:13:09","date_gmt":"2020-02-09T21:13:09","guid":{"rendered":"https:\/\/www.redenoticia.com.br\/noticia\/?p=188242"},"modified":"2020-02-17T16:30:25","modified_gmt":"2020-02-17T19:30:25","slug":"novela-salve-se-quem-puder-teo-e-luna-se-encontram-em-novo-acidente","status":"publish","type":"post","link":"https:\/\/migracao.redenoticia.com.br\/noticia\/2020\/novela-salve-se-quem-puder-teo-e-luna-se-encontram-em-novo-acidente\/188242","title":{"rendered":"Novela \u201cSalve-se Quem Puder\u201d: T\u00e9o e Luna se encontram em novo acidente"},"content":{"rendered":"<p><img loading=\"lazy\" decoding=\"async\" src=\"https:\/\/migracao.redenoticia.com.br\/noticia\/imagens\/salve-se-quem-puder-323x300.jpg\" alt=\"\" width=\"323\" height=\"300\" class=\"aligncenter size-large wp-image-186172\" srcset=\"https:\/\/migracao.redenoticia.com.br\/noticia\/imagens\/salve-se-quem-puder-323x300.jpg 323w, https:\/\/migracao.redenoticia.com.br\/noticia\/imagens\/salve-se-quem-puder-202x187.jpg 202w, https:\/\/migracao.redenoticia.com.br\/noticia\/imagens\/salve-se-quem-puder-151x140.jpg 151w, https:\/\/migracao.redenoticia.com.br\/noticia\/imagens\/salve-se-quem-puder-92x85.jpg 92w, https:\/\/migracao.redenoticia.com.br\/noticia\/imagens\/salve-se-quem-puder.jpg 566w\" sizes=\"auto, (max-width: 323px) 100vw, 323px\" \/><\/p>\n<p><strong><em>Novela \u201cSalve-se Quem Puder\u201d:<\/em><\/strong> T\u00e9o (Felipe Simas) chega de muletas no Emp\u00f3rio, sobe a escada e se desequilibra. Luna (Juliana Paiva) tamb\u00e9m est\u00e1 no local, v\u00ea o acidente e se apavora: \u201cMo\u00e7o, c\u00ea t\u00e1 bem? Machucou alguma&#8230; Voc\u00ea&#8230; Voc\u00ea t\u00e1 vivo!\u201d. Ele n\u00e3o se lembra dela e fala: \u201cTamb\u00e9m n\u00e3o \u00e9 assim. O tombo n\u00e3o foi feio a ponto de morrer. Mas que t\u00e1 doendo, t\u00e1&#8230;\u201d.<\/p>\n<p>Luna orienta: \u201cN\u00e3o mexe!&#8230; \u00c9 melhor ficar parado at\u00e9 ser atendido &#8230; T\u00e1 sentindo tontura? Formigamento? Falta de ar? Alguma outra coisa? &#8230; Pode fazer quantas piadas quiser, s\u00f3 n\u00e3o se mexe, t\u00e1&#8230; Sou fisioterapeuta&#8230;\u201d. Luna explica que um tombo pode causar a fratura de uma v\u00e9rtebra. \u201cOutra? &#8230; Vou tentar resumir. Se voc\u00ea n\u00e3o acreditar eu vou entender, mas juro que \u00e9 verdade &#8230; Fui tentar salvar uma garota que tava se afogando. E acabei sendo tragado por um furac\u00e3o. Me quebrei todo&#8230;\u201d. Luna fala que n\u00e3o deve ter sido grave, sen\u00e3o ele n\u00e3o estaria andando. Ele comenta sobre a possibilidade de cirurgia e ela diz: \u201cSempre existe a chance de perda de movimento dos membros inferiores nesse tipo de cirurgia &#8230; O risco \u00e9 pequeno. N\u00e3o vai acontecer &#8230; acho que se voc\u00ea se machucou tentando salvar a vida de uma garota. Merece ter um final feliz, n\u00e9?\u201d. T\u00e9o comenta: \u201cQue nem nas novelas?&#8230; Sabe o que seria um final feliz pra mim? Saber se a garota que eu tentei salvar&#8230; Se ela sobreviveu&#8230;\u201d.<\/p>\n<p>A ambul\u00e2ncia chega, T\u00e9o \u00e9 levado na maca e v\u00ea a emo\u00e7\u00e3o de Luna: \u201cEi, que isso? Eu que me quebro e c\u00ea que chora? Mo\u00e7a&#8230; C\u00ea foi um anjo!\u201d. \u201cC\u00ea que \u00e9 meu anjo&#8230; O anjo que salvou a minha vida\u201d, fala Luna para si. Cena prevista para dia 17 de fevereiro na novela \u201cSalve-se Quem Puder\u201d.<\/p>\n<p>\u201cSalve-se Quem Puder\u201d: Tr\u00eas mulheres com novas identidades e uma \u00fanica certeza: suas vidas est\u00e3o entrela\u00e7adas para sempre. Salve-se Quem Puder conta a hist\u00f3ria de Alexia (Deborah Secco), Luna (Juliana Paiva) e Kyra (Vit\u00f3ria Strada), que ingressam no Programa de Prote\u00e7\u00e3o \u00e0 Testemunha e mudam de vida ap\u00f3s presenciarem um crime. Para sobreviver, elas mudam o nome, a apar\u00eancia, o estilo de vida e v\u00e3o morar na fict\u00edcia Judas do Norte, no interior de S\u00e3o Paulo, depois que s\u00e3o dadas como mortas.<\/p>\n<p>Alexia vira Josimara, Luna assume o nome de Fiona e Kyra \u00e9 Cleyde, novas pessoas com um padr\u00e3o de vida bem diferente. Elas ser\u00e3o acolhidas por uma fam\u00edlia protetora &#8211; que n\u00e3o sabe nada sobre o passado delas &#8211; e v\u00e3o precisar seguir regras r\u00edgidas para permanecerem no programa. A primeira delas \u00e9 a interrup\u00e7\u00e3o imediata de qualquer tipo de contato com conhecidos, por isso, celulares e rede sociais s\u00e3o proibidos, assim como frequentar os mesmos lugares e cultivar h\u00e1bitos do passado.<\/p>\n","protected":false},"excerpt":{"rendered":"<p>Novela \u201cSalve-se Quem Puder\u201d: T\u00e9o (Felipe Simas) chega de muletas no Emp\u00f3rio, sobe a escada e se desequilibra. Luna (Juliana Paiva) tamb\u00e9m est\u00e1 no local, v\u00ea o acidente e se apavora: \u201cMo\u00e7o, c\u00ea t\u00e1 bem? Machucou alguma&#8230; Voc\u00ea&#8230; Voc\u00ea t\u00e1 vivo!\u201d. Ele n\u00e3o se lembra dela e fala: \u201cTamb\u00e9m n\u00e3o \u00e9 assim. O tombo n\u00e3o [&hellip;]<\/p>\n","protected":false},"author":5,"featured_media":186173,"comment_status":"open","ping_status":"closed","sticky":false,"template":"","format":"standard","meta":{"tdm_status":"","tdm_grid_status":"","footnotes":""},"categories":[388,379,375,553,343],"tags":[440],"class_list":{"0":"post-188242","1":"post","2":"type-post","3":"status-publish","4":"format-standard","5":"has-post-thumbnail","7":"category-destaques","8":"category-novelas","9":"category-rede-globo","10":"category-salve-se-quem-puder","11":"category-televisao","12":"tag-noticia-novela"},"_links":{"self":[{"href":"https:\/\/migracao.redenoticia.com.br\/noticia\/wp-json\/wp\/v2\/posts\/188242","targetHints":{"allow":["GET"]}}],"collection":[{"href":"https:\/\/migracao.redenoticia.com.br\/noticia\/wp-json\/wp\/v2\/posts"}],"about":[{"href":"https:\/\/migracao.redenoticia.com.br\/noticia\/wp-json\/wp\/v2\/types\/post"}],"author":[{"embeddable":true,"href":"https:\/\/migracao.redenoticia.com.br\/noticia\/wp-json\/wp\/v2\/users\/5"}],"replies":[{"embeddable":true,"href":"https:\/\/migracao.redenoticia.com.br\/noticia\/wp-json\/wp\/v2\/comments?post=188242"}],"version-history":[{"count":0,"href":"https:\/\/migracao.redenoticia.com.br\/noticia\/wp-json\/wp\/v2\/posts\/188242\/revisions"}],"wp:featuredmedia":[{"embeddable":true,"href":"https:\/\/migracao.redenoticia.com.br\/noticia\/wp-json\/wp\/v2\/media\/186173"}],"wp:attachment":[{"href":"https:\/\/migracao.redenoticia.com.br\/noticia\/wp-json\/wp\/v2\/media?parent=188242"}],"wp:term":[{"taxonomy":"category","embeddable":true,"href":"https:\/\/migracao.redenoticia.com.br\/noticia\/wp-json\/wp\/v2\/categories?post=188242"},{"taxonomy":"post_tag","embeddable":true,"href":"https:\/\/migracao.redenoticia.com.br\/noticia\/wp-json\/wp\/v2\/tags?post=188242"}],"curies":[{"name":"wp","href":"https:\/\/api.w.org\/{rel}","templated":true}]}}