{"id":188285,"date":"2020-02-06T21:22:58","date_gmt":"2020-02-07T00:22:58","guid":{"rendered":"https:\/\/www.redenoticia.com.br\/noticia\/?p=188285"},"modified":"2020-02-06T21:22:58","modified_gmt":"2020-02-07T00:22:58","slug":"resumo-novela-meu-coracao-e-teu-07-02-diego-ouve-fernando-dizer-a-ana-que-a-ama","status":"publish","type":"post","link":"https:\/\/migracao.redenoticia.com.br\/noticia\/2020\/resumo-novela-meu-coracao-e-teu-07-02-diego-ouve-fernando-dizer-a-ana-que-a-ama\/188285","title":{"rendered":"Resumo novela \u201cMeu Cora\u00e7\u00e3o \u00e9 Teu\u201d 07\/02: Diego ouve Fernando dizer a Ana que a ama"},"content":{"rendered":"<p> <img loading=\"lazy\" decoding=\"async\" class=\"aligncenter size-large wp-image-183929\" src=\"https:\/\/migracao.redenoticia.com.br\/noticia\/imagens\/meu-coracao-e-teu-300x300.jpg\" alt=\"\" width=\"300\" height=\"300\" srcset=\"https:\/\/migracao.redenoticia.com.br\/noticia\/imagens\/meu-coracao-e-teu-300x300.jpg 300w, https:\/\/migracao.redenoticia.com.br\/noticia\/imagens\/meu-coracao-e-teu-187x187.jpg 187w, https:\/\/migracao.redenoticia.com.br\/noticia\/imagens\/meu-coracao-e-teu-150x150.jpg 150w, https:\/\/migracao.redenoticia.com.br\/noticia\/imagens\/meu-coracao-e-teu-140x140.jpg 140w, https:\/\/migracao.redenoticia.com.br\/noticia\/imagens\/meu-coracao-e-teu-85x85.jpg 85w, https:\/\/migracao.redenoticia.com.br\/noticia\/imagens\/meu-coracao-e-teu.jpg 500w\" sizes=\"auto, (max-width: 300px) 100vw, 300px\" \/><\/p>\n<p><strong><em>Resumo da novela \u201cMeu Cora\u00e7\u00e3o \u00e9 Teu\u201d<\/em><\/strong> em 07\/02: no cap\u00edtulo 070(*) da novela, sexta-feira, 07 de fevereiro, Ana avisa Diego que ela e Fernando est\u00e3o detidos. Diego se desculpa com Natalia e diz a ela que a hist\u00f3ria se repete. Nat\u00e1lia diz a Diego que n\u00e3o acredita que Ana seja a mulher ideal para ele. Manuela vai ao hospital com Bruno. Jennifer e Nicolas tamb\u00e9m chegam para falar com o m\u00e9dico. Eles entram para ver Bruno, que est\u00e1 muito tranquilo, mas n\u00e3o reconhece ningu\u00e9m. O m\u00e9dico diz a Nicolas, Jennifer e Manuela que Bruno receber\u00e1 alta, mas pode demorar semanas ou at\u00e9 meses para que ele recobre a mem\u00f3ria.<\/p>\n<p>Johnny fica cuidando de Luz, Guille, Alex e Sebasti\u00e3o, e brinca com eles, j\u00e1 que n\u00e3o h\u00e1 mais ningu\u00e9m na mans\u00e3o. Fanny chega em casa com Edith e recebe uma liga\u00e7\u00e3o de Diego para avis\u00e1-la que Ana e Fernando est\u00e3o detidos. Alicia, apoiada por Briana, decide criar um perfil em um site de encontros. Ela aumenta sua idade e modifica sua foto, para ter mais seguidores. Helena est\u00e1 cada vez mais louca de ci\u00fames de Nando. Rosa liga para Nando pedindo que ele v\u00e1 v\u00ea-la, pois Helena est\u00e1 muito mal.<\/p>\n<p>Leon comenta com Fanny sobre o que est\u00e3o falando na empresa sobre a ren\u00fancia de seu pai. Na delegacia, colocam Ana e Fernando na mesma cela monitorada por c\u00e2meras. Fernando e Ana falam sobre o amor que sentem um pelo outro e o sofrimento por estarem separados. Diego chega na delegacia e ouve quando Fernando diz a Ana que a ama e vai lutar por ela. Ana diz a Fernando que acabou com sua vida quando se casou com Isabela e que n\u00e3o pretende machucar Diego.<\/p>\n<p>(*) edi\u00e7\u00e3o do SBT, Novela \u201cMeu Cora\u00e7\u00e3o \u00e9 Teu\u201d, sujeito a altera\u00e7\u00e3o de data e conte\u00fado.<\/p>\n<p>Novela \u201cMeu Cora\u00e7\u00e3o \u00e9 Teu\u201d: Ana Leal \u00e9 uma mulher alegre e otimista. Um desastre destr\u00f3i sua casa e Ana perde tudo o que tem. Fernando Lascur\u00e1in, um prestigiado empres\u00e1rio que se lembra com tristeza que h\u00e1 um ano morreu sua esposa. Fernando \u00e9 o pai de sete filhos: Fanny de 19 anos, Nando de 17 anos, Alicia de 14 anos, Sebasti\u00e3o de 11 anos, os g\u00eameos Alex e Guille de 8 anos e a pequena Luz de 4 anos. Estes sete \u201cpequenos\u201d se encarregaram de fazer a vida de dezenas de bab\u00e1s imposs\u00edvel, mas Fernando precisa urgentemente de uma bab\u00e1 que cuide de seus filhos.<\/p>\n<p>As necessidades e a vontade de se superar, levam Ana a buscar outro trabalho. Sua falta de experi\u00eancia, e sua educa\u00e7\u00e3o prec\u00e1ria complicam o processo de ela encontrar um trabalho est\u00e1vel. Mas o destino tem algo preparado a ela: por uma confus\u00e3o, Ana termina chegando \u00e0 mans\u00e3o Lascur\u00e1in sem saber que l\u00e1 encontrar\u00e1 tudo o que sempre sonhou.<\/p>\n","protected":false},"excerpt":{"rendered":"<p>Resumo da novela \u201cMeu Cora\u00e7\u00e3o \u00e9 Teu\u201d em 07\/02: no cap\u00edtulo 070(*) da novela, sexta-feira, 07 de fevereiro, Ana avisa Diego que ela e Fernando est\u00e3o detidos. Diego se desculpa com Natalia e diz a ela que a hist\u00f3ria se repete. Nat\u00e1lia diz a Diego que n\u00e3o acredita que Ana seja a mulher ideal para [&hellip;]<\/p>\n","protected":false},"author":5,"featured_media":183928,"comment_status":"open","ping_status":"closed","sticky":false,"template":"","format":"standard","meta":{"tdm_status":"","tdm_grid_status":"","footnotes":""},"categories":[379,372,343],"tags":[441],"class_list":{"0":"post-188285","1":"post","2":"type-post","3":"status-publish","4":"format-standard","5":"has-post-thumbnail","7":"category-novelas","8":"category-sbt","9":"category-televisao","10":"tag-resumo-do-dia"},"_links":{"self":[{"href":"https:\/\/migracao.redenoticia.com.br\/noticia\/wp-json\/wp\/v2\/posts\/188285","targetHints":{"allow":["GET"]}}],"collection":[{"href":"https:\/\/migracao.redenoticia.com.br\/noticia\/wp-json\/wp\/v2\/posts"}],"about":[{"href":"https:\/\/migracao.redenoticia.com.br\/noticia\/wp-json\/wp\/v2\/types\/post"}],"author":[{"embeddable":true,"href":"https:\/\/migracao.redenoticia.com.br\/noticia\/wp-json\/wp\/v2\/users\/5"}],"replies":[{"embeddable":true,"href":"https:\/\/migracao.redenoticia.com.br\/noticia\/wp-json\/wp\/v2\/comments?post=188285"}],"version-history":[{"count":0,"href":"https:\/\/migracao.redenoticia.com.br\/noticia\/wp-json\/wp\/v2\/posts\/188285\/revisions"}],"wp:featuredmedia":[{"embeddable":true,"href":"https:\/\/migracao.redenoticia.com.br\/noticia\/wp-json\/wp\/v2\/media\/183928"}],"wp:attachment":[{"href":"https:\/\/migracao.redenoticia.com.br\/noticia\/wp-json\/wp\/v2\/media?parent=188285"}],"wp:term":[{"taxonomy":"category","embeddable":true,"href":"https:\/\/migracao.redenoticia.com.br\/noticia\/wp-json\/wp\/v2\/categories?post=188285"},{"taxonomy":"post_tag","embeddable":true,"href":"https:\/\/migracao.redenoticia.com.br\/noticia\/wp-json\/wp\/v2\/tags?post=188285"}],"curies":[{"name":"wp","href":"https:\/\/api.w.org\/{rel}","templated":true}]}}