{"id":188306,"date":"2020-02-06T21:29:54","date_gmt":"2020-02-07T00:29:54","guid":{"rendered":"https:\/\/www.redenoticia.com.br\/noticia\/?p=188306"},"modified":"2020-02-06T21:29:54","modified_gmt":"2020-02-07T00:29:54","slug":"resumo-novela-salve-se-quem-puder-07-02-zezinho-descobre-que-as-meninas-fugiram","status":"publish","type":"post","link":"https:\/\/migracao.redenoticia.com.br\/noticia\/2020\/resumo-novela-salve-se-quem-puder-07-02-zezinho-descobre-que-as-meninas-fugiram\/188306","title":{"rendered":"Resumo novela \u201cSalve-se Quem Puder\u201d 07\/02: Zezinho descobre que as meninas fugiram"},"content":{"rendered":"<p> <img loading=\"lazy\" decoding=\"async\" class=\"aligncenter size-large wp-image-186172\" src=\"https:\/\/migracao.redenoticia.com.br\/noticia\/imagens\/salve-se-quem-puder-323x300.jpg\" alt=\"\" width=\"323\" height=\"300\" srcset=\"https:\/\/migracao.redenoticia.com.br\/noticia\/imagens\/salve-se-quem-puder-323x300.jpg 323w, https:\/\/migracao.redenoticia.com.br\/noticia\/imagens\/salve-se-quem-puder-202x187.jpg 202w, https:\/\/migracao.redenoticia.com.br\/noticia\/imagens\/salve-se-quem-puder-151x140.jpg 151w, https:\/\/migracao.redenoticia.com.br\/noticia\/imagens\/salve-se-quem-puder-92x85.jpg 92w, https:\/\/migracao.redenoticia.com.br\/noticia\/imagens\/salve-se-quem-puder.jpg 566w\" sizes=\"auto, (max-width: 323px) 100vw, 323px\" \/><\/p>\n<p><em><strong>Resumo novela \u201cSalve-se Quem Puder\u201d 07\/02<\/strong><\/em>: no cap\u00edtulo 011(*) da novela, sexta-feira, 07 de fevereiro, Alexia\/Josimara explica seu plano para a fuga. Dominique entrega a Renzo uma maleta de dinheiro como recompensa pelo trabalho do sobrinho no M\u00e9xico. L\u00facia demonstra preocupa\u00e7\u00e3o com Renzo. Renatinha investe na aproxima\u00e7\u00e3o com Rafael. J\u00fanior tenta tranquilizar Agnes, que sofre pela morte de Kyra. Tarantino consola Bia. Alexia\/Josimara pensa em trabalhar como secret\u00e1ria na empresa de Rafael, e sugere que Kyra\/Cleyde seja bab\u00e1 dos filhos de Alan. Alexia\/Josimara pontua que Luana\/Fiona n\u00e3o \u00e9 conhecida no Brasil e, por isso, n\u00e3o precisar\u00e1 se esconder de ningu\u00e9m.<\/p>\n<p>Graziela pede a Alan para contar a Ign\u00e1cio sobre a suposta morte de Alexia. Bia revela a Tarantino que a fam\u00edlia n\u00e3o sabe que ela est\u00e1 treinando. Luna\/Fiona consegue avisar a Juan que est\u00e1 viva. Micaela diz a Ver\u00f4nica que n\u00e3o tem a confian\u00e7a de Hugo. Helena fica sabendo da possibilidade de T\u00e9o ficar parapl\u00e9gico. T\u00e9o diz \u00e0 madrasta que perdeu a corrente dada por ela. Luna\/Fiona pensa em procurar Helena quando chegar a S\u00e3o Paulo. Zezinho e Ermelinda percebem que as meninas fugiram.<\/p>\n<p>(*) edi\u00e7\u00e3o da Rede Globo, Novela \u201cSalve-se Quem Puder\u201d, sujeito a altera\u00e7\u00e3o de data e conte\u00fado.<\/p>\n<p>Sinopse \u201cSalve-se Quem Puder\u201d: Tr\u00eas mulheres com novas identidades e uma \u00fanica certeza: suas vidas est\u00e3o entrela\u00e7adas para sempre. Salve-se Quem Puder conta a hist\u00f3ria de Alexia (Deborah Secco), Luna (Juliana Paiva) e Kyra (Vit\u00f3ria Strada), que ingressam no Programa de Prote\u00e7\u00e3o \u00e0 Testemunha e mudam de vida ap\u00f3s presenciarem um crime. Para sobreviver, elas mudam o nome, a apar\u00eancia, o estilo de vida e v\u00e3o morar na fict\u00edcia Judas do Norte, no interior de S\u00e3o Paulo, depois que s\u00e3o dadas como mortas.<\/p>\n<p>Alexia vira Josimara, Luna assume o nome de Fiona e Kyra \u00e9 Cleyde, novas pessoas com um padr\u00e3o de vida bem diferente. Elas ser\u00e3o acolhidas por uma fam\u00edlia protetora &#8211; que n\u00e3o sabe nada sobre o passado delas &#8211; e v\u00e3o precisar seguir regras r\u00edgidas para permanecerem no programa. A primeira delas \u00e9 a interrup\u00e7\u00e3o imediata de qualquer tipo de contato com conhecidos, por isso, celulares e rede sociais s\u00e3o proibidos, assim como frequentar os mesmos lugares e cultivar h\u00e1bitos do passado.<\/p>\n","protected":false},"excerpt":{"rendered":"<p>Resumo novela \u201cSalve-se Quem Puder\u201d 07\/02: no cap\u00edtulo 011(*) da novela, sexta-feira, 07 de fevereiro, Alexia\/Josimara explica seu plano para a fuga. Dominique entrega a Renzo uma maleta de dinheiro como recompensa pelo trabalho do sobrinho no M\u00e9xico. L\u00facia demonstra preocupa\u00e7\u00e3o com Renzo. Renatinha investe na aproxima\u00e7\u00e3o com Rafael. J\u00fanior tenta tranquilizar Agnes, que sofre [&hellip;]<\/p>\n","protected":false},"author":5,"featured_media":187396,"comment_status":"open","ping_status":"closed","sticky":false,"template":"","format":"standard","meta":{"tdm_status":"","tdm_grid_status":"","footnotes":""},"categories":[379,375,553,343],"tags":[441],"class_list":{"0":"post-188306","1":"post","2":"type-post","3":"status-publish","4":"format-standard","5":"has-post-thumbnail","7":"category-novelas","8":"category-rede-globo","9":"category-salve-se-quem-puder","10":"category-televisao","11":"tag-resumo-do-dia"},"_links":{"self":[{"href":"https:\/\/migracao.redenoticia.com.br\/noticia\/wp-json\/wp\/v2\/posts\/188306","targetHints":{"allow":["GET"]}}],"collection":[{"href":"https:\/\/migracao.redenoticia.com.br\/noticia\/wp-json\/wp\/v2\/posts"}],"about":[{"href":"https:\/\/migracao.redenoticia.com.br\/noticia\/wp-json\/wp\/v2\/types\/post"}],"author":[{"embeddable":true,"href":"https:\/\/migracao.redenoticia.com.br\/noticia\/wp-json\/wp\/v2\/users\/5"}],"replies":[{"embeddable":true,"href":"https:\/\/migracao.redenoticia.com.br\/noticia\/wp-json\/wp\/v2\/comments?post=188306"}],"version-history":[{"count":0,"href":"https:\/\/migracao.redenoticia.com.br\/noticia\/wp-json\/wp\/v2\/posts\/188306\/revisions"}],"wp:featuredmedia":[{"embeddable":true,"href":"https:\/\/migracao.redenoticia.com.br\/noticia\/wp-json\/wp\/v2\/media\/187396"}],"wp:attachment":[{"href":"https:\/\/migracao.redenoticia.com.br\/noticia\/wp-json\/wp\/v2\/media?parent=188306"}],"wp:term":[{"taxonomy":"category","embeddable":true,"href":"https:\/\/migracao.redenoticia.com.br\/noticia\/wp-json\/wp\/v2\/categories?post=188306"},{"taxonomy":"post_tag","embeddable":true,"href":"https:\/\/migracao.redenoticia.com.br\/noticia\/wp-json\/wp\/v2\/tags?post=188306"}],"curies":[{"name":"wp","href":"https:\/\/api.w.org\/{rel}","templated":true}]}}