{"id":188330,"date":"2020-02-07T12:14:56","date_gmt":"2020-02-07T15:14:56","guid":{"rendered":"https:\/\/www.redenoticia.com.br\/noticia\/?p=188330"},"modified":"2020-02-07T12:14:56","modified_gmt":"2020-02-07T15:14:56","slug":"resumo-novela-salve-se-quem-puder-08-02-ermelinda-e-zezinho-descobrem-a-identidade-das-meninas","status":"publish","type":"post","link":"https:\/\/migracao.redenoticia.com.br\/noticia\/2020\/resumo-novela-salve-se-quem-puder-08-02-ermelinda-e-zezinho-descobrem-a-identidade-das-meninas\/188330","title":{"rendered":"Resumo novela \u201cSalve-se Quem Puder\u201d 08\/02: Ermelinda e Zezinho descobrem a identidade das meninas"},"content":{"rendered":"<p><img loading=\"lazy\" decoding=\"async\" class=\"aligncenter size-large wp-image-186172\" src=\"https:\/\/migracao.redenoticia.com.br\/noticia\/imagens\/salve-se-quem-puder-323x300.jpg\" alt=\"\" width=\"323\" height=\"300\" srcset=\"https:\/\/migracao.redenoticia.com.br\/noticia\/imagens\/salve-se-quem-puder-323x300.jpg 323w, https:\/\/migracao.redenoticia.com.br\/noticia\/imagens\/salve-se-quem-puder-202x187.jpg 202w, https:\/\/migracao.redenoticia.com.br\/noticia\/imagens\/salve-se-quem-puder-151x140.jpg 151w, https:\/\/migracao.redenoticia.com.br\/noticia\/imagens\/salve-se-quem-puder-92x85.jpg 92w, https:\/\/migracao.redenoticia.com.br\/noticia\/imagens\/salve-se-quem-puder.jpg 566w\" sizes=\"auto, (max-width: 323px) 100vw, 323px\" \/><\/p>\n<p><em><strong>Resumo novela \u201cSalve-se Quem Puder\u201d 08\/02<\/strong><\/em>: no cap\u00edtulo 12*) da novela, s\u00e1bado, 08 de fevereiro, Luna\/Fiona, Alexia\/Josimara e Kyra\/Cleyde conseguem embarcar no \u00f4nibus para S\u00e3o Paulo. Dionice desconfia de que Bia se encantou por Tarantino. Tarantino critica Alan sobre sua atua\u00e7\u00e3o como pai. Zezinho impede Luna\/Fiona, Alexia\/Josimara e Kyra\/Cleyde de seguir viagem. M\u00e1rio diz a Juan que voltar\u00e1 a andar pela filha. Gabi n\u00e3o esconde o interesse em Juan.<\/p>\n<p>Ermelinda e Zezinho descobrem a verdadeira identidade de Alexia\/Josimara\/, Luna\/Fiona e Kyra\/Cleyde e do assassinato que elas testemunharam. T\u00e9o incentiva Micaela a seguir com seus projetos. Petra pede para fazer o teste de atriz para substituir Alexia na novela. Zezinho avisa a Luna\/Fiona, Alexia\/Josimara e Kyra\/Cleyde que ele e Ermelinda ir\u00e3o com elas para S\u00e3o Paulo.<\/p>\n<p>(*) edi\u00e7\u00e3o da Rede Globo, Novela \u201cSalve-se Quem Puder\u201d, sujeito a altera\u00e7\u00e3o de data e conte\u00fado.<\/p>\n<p>Sinopse \u201cSalve-se Quem Puder\u201d: Tr\u00eas mulheres com novas identidades e uma \u00fanica certeza: suas vidas est\u00e3o entrela\u00e7adas para sempre. Salve-se Quem Puder conta a hist\u00f3ria de Alexia (Deborah Secco), Luna (Juliana Paiva) e Kyra (Vit\u00f3ria Strada), que ingressam no Programa de Prote\u00e7\u00e3o \u00e0 Testemunha e mudam de vida ap\u00f3s presenciarem um crime. Para sobreviver, elas mudam o nome, a apar\u00eancia, o estilo de vida e v\u00e3o morar na fict\u00edcia Judas do Norte, no interior de S\u00e3o Paulo, depois que s\u00e3o dadas como mortas.<\/p>\n<p>Alexia vira Josimara, Luna assume o nome de Fiona e Kyra \u00e9 Cleyde, novas pessoas com um padr\u00e3o de vida bem diferente. Elas ser\u00e3o acolhidas por uma fam\u00edlia protetora &#8211; que n\u00e3o sabe nada sobre o passado delas &#8211; e v\u00e3o precisar seguir regras r\u00edgidas para permanecerem no programa. A primeira delas \u00e9 a interrup\u00e7\u00e3o imediata de qualquer tipo de contato com conhecidos, por isso, celulares e rede sociais s\u00e3o proibidos, assim como frequentar os mesmos lugares e cultivar h\u00e1bitos do passado.<\/p>\n","protected":false},"excerpt":{"rendered":"<p>Resumo novela \u201cSalve-se Quem Puder\u201d 08\/02: no cap\u00edtulo 12*) da novela, s\u00e1bado, 08 de fevereiro, Luna\/Fiona, Alexia\/Josimara e Kyra\/Cleyde conseguem embarcar no \u00f4nibus para S\u00e3o Paulo. Dionice desconfia de que Bia se encantou por Tarantino. Tarantino critica Alan sobre sua atua\u00e7\u00e3o como pai. Zezinho impede Luna\/Fiona, Alexia\/Josimara e Kyra\/Cleyde de seguir viagem. M\u00e1rio diz a [&hellip;]<\/p>\n","protected":false},"author":4,"featured_media":187396,"comment_status":"open","ping_status":"closed","sticky":false,"template":"","format":"standard","meta":{"tdm_status":"","tdm_grid_status":"","footnotes":""},"categories":[379,375,553,343],"tags":[441],"class_list":{"0":"post-188330","1":"post","2":"type-post","3":"status-publish","4":"format-standard","5":"has-post-thumbnail","7":"category-novelas","8":"category-rede-globo","9":"category-salve-se-quem-puder","10":"category-televisao","11":"tag-resumo-do-dia"},"_links":{"self":[{"href":"https:\/\/migracao.redenoticia.com.br\/noticia\/wp-json\/wp\/v2\/posts\/188330","targetHints":{"allow":["GET"]}}],"collection":[{"href":"https:\/\/migracao.redenoticia.com.br\/noticia\/wp-json\/wp\/v2\/posts"}],"about":[{"href":"https:\/\/migracao.redenoticia.com.br\/noticia\/wp-json\/wp\/v2\/types\/post"}],"author":[{"embeddable":true,"href":"https:\/\/migracao.redenoticia.com.br\/noticia\/wp-json\/wp\/v2\/users\/4"}],"replies":[{"embeddable":true,"href":"https:\/\/migracao.redenoticia.com.br\/noticia\/wp-json\/wp\/v2\/comments?post=188330"}],"version-history":[{"count":0,"href":"https:\/\/migracao.redenoticia.com.br\/noticia\/wp-json\/wp\/v2\/posts\/188330\/revisions"}],"wp:featuredmedia":[{"embeddable":true,"href":"https:\/\/migracao.redenoticia.com.br\/noticia\/wp-json\/wp\/v2\/media\/187396"}],"wp:attachment":[{"href":"https:\/\/migracao.redenoticia.com.br\/noticia\/wp-json\/wp\/v2\/media?parent=188330"}],"wp:term":[{"taxonomy":"category","embeddable":true,"href":"https:\/\/migracao.redenoticia.com.br\/noticia\/wp-json\/wp\/v2\/categories?post=188330"},{"taxonomy":"post_tag","embeddable":true,"href":"https:\/\/migracao.redenoticia.com.br\/noticia\/wp-json\/wp\/v2\/tags?post=188330"}],"curies":[{"name":"wp","href":"https:\/\/api.w.org\/{rel}","templated":true}]}}