{"id":188339,"date":"2020-02-09T18:39:10","date_gmt":"2020-02-09T21:39:10","guid":{"rendered":"https:\/\/www.redenoticia.com.br\/noticia\/?p=188339"},"modified":"2020-02-17T16:29:54","modified_gmt":"2020-02-17T19:29:54","slug":"novela-salve-se-quem-puder-kyra-pula-no-colo-de-alan-e-grita","status":"publish","type":"post","link":"https:\/\/migracao.redenoticia.com.br\/noticia\/2020\/novela-salve-se-quem-puder-kyra-pula-no-colo-de-alan-e-grita\/188339","title":{"rendered":"Novela \u201cSalve-se Quem Puder\u201d: Kyra pula no colo de Alan e grita"},"content":{"rendered":"<p><img loading=\"lazy\" decoding=\"async\" src=\"https:\/\/migracao.redenoticia.com.br\/noticia\/imagens\/salve-se-quem-puder-323x300.jpg\" alt=\"\" width=\"323\" height=\"300\" class=\"aligncenter size-large wp-image-186172\" srcset=\"https:\/\/migracao.redenoticia.com.br\/noticia\/imagens\/salve-se-quem-puder-323x300.jpg 323w, https:\/\/migracao.redenoticia.com.br\/noticia\/imagens\/salve-se-quem-puder-202x187.jpg 202w, https:\/\/migracao.redenoticia.com.br\/noticia\/imagens\/salve-se-quem-puder-151x140.jpg 151w, https:\/\/migracao.redenoticia.com.br\/noticia\/imagens\/salve-se-quem-puder-92x85.jpg 92w, https:\/\/migracao.redenoticia.com.br\/noticia\/imagens\/salve-se-quem-puder.jpg 566w\" sizes=\"auto, (max-width: 323px) 100vw, 323px\" \/> <\/p>\n<p><strong><em>Novela \u201cSalve-se Quem Puder\u201d:<\/em><\/strong> Ap\u00f3s a fuga do s\u00edtio, Alexia (Deborah Secco) quer saber not\u00edcias da fam\u00edlia e de seu av\u00f4, Ign\u00e1cio (Ot\u00e1vio Augusto). Ela escreve uma carta de recomenda\u00e7\u00e3o e a entrega a Kyra (Vit\u00f3ria Strada). A garota atrapalhada chega no local e Alan (Thiago Fragoso) estranha: \u201cCleyde, n\u00e9? C\u00ea disse pelo interfone que \u00e9 amiga&#8230; Era amiga da minha prima Alexia\u201d. Os ratinhos Madonna e Justin Bieber aparecem, Kyra pula no colo de Alan e grita: \u201cAlgu\u00e9m tem que levar eles pro zool\u00f3gico!\u201d. Queen (Alice Palmar) e Mosquito (Ygor Mar\u00e7al) descem as escadas, furiosos. <\/p>\n<p>Kyra se desculpa, conta que conheceu Alexia no teatro, que trabalhou como bab\u00e1 em Judas do Norte e mostra a carta: \u201cTenho certeza que a Cleyde vai ser a melhor bab\u00e1 pros meninos. E vai te ajudar com o vov\u00f4. Ela \u00e9 uma grande amiga e totalmente de confian\u00e7a. Sei que voc\u00ea n\u00e3o vai negar um pedido meu&#8230; Um beijo grande no meu \u00fanico primo que nem por isso deixa de ser o meu preferido. Te amo, Alexia\u201d. Alan se emociona: \u201c\u00c9 a letra dela. E ela sempre brincava que eu era o primo favorito, mas tamb\u00e9m era o \u00fanico &#8230; C\u00ea viu as crian\u00e7as, n\u00e3o s\u00e3o f\u00e1ceis. Mas tenho que pensar &#8230; t\u00f4 cansado de contratar bab\u00e1s e elas durarem uma semana s\u00f3 aqui. E pelo visto, c\u00ea vai ter problema. Os meninos adoram aqueles ratos\u201d.<\/p>\n<p>Kyra insiste: \u201cN\u00e3o \u00e9 que eu tenha medo ou nojinho de bicho&#8230; \u00c9 que tomei um susto. Talvez seja coisa de educar os animaizinhos&#8230; chamar um adestrador &#8230; Juro que se me der uma chance vou ser a melhor bab\u00e1 do mundo. Amo crian\u00e7as. Meu sonho \u00e9 ter quatro. J\u00e1 tenho at\u00e9 os nomes &#8230; E se quiser realizar o pedido da sua prima, \u00e9 s\u00f3 me ligar\u201d. Cena prevista para dia 12 de fevereiro na novela \u201cSalve-se Quem Puder\u201d.<\/p>\n<p>\u201cSalve-se Quem Puder\u201d: Tr\u00eas mulheres com novas identidades e uma \u00fanica certeza: suas vidas est\u00e3o entrela\u00e7adas para sempre. Salve-se Quem Puder conta a hist\u00f3ria de Alexia (Deborah Secco), Luna (Juliana Paiva) e Kyra (Vit\u00f3ria Strada), que ingressam no Programa de Prote\u00e7\u00e3o \u00e0 Testemunha e mudam de vida ap\u00f3s presenciarem um crime. Para sobreviver, elas mudam o nome, a apar\u00eancia, o estilo de vida e v\u00e3o morar na fict\u00edcia Judas do Norte, no interior de S\u00e3o Paulo, depois que s\u00e3o dadas como mortas.<\/p>\n<p>Alexia vira Josimara, Luna assume o nome de Fiona e Kyra \u00e9 Cleyde, novas pessoas com um padr\u00e3o de vida bem diferente. Elas ser\u00e3o acolhidas por uma fam\u00edlia protetora &#8211; que n\u00e3o sabe nada sobre o passado delas &#8211; e v\u00e3o precisar seguir regras r\u00edgidas para permanecerem no programa. A primeira delas \u00e9 a interrup\u00e7\u00e3o imediata de qualquer tipo de contato com conhecidos, por isso, celulares e rede sociais s\u00e3o proibidos, assim como frequentar os mesmos lugares e cultivar h\u00e1bitos do passado.<\/p>\n","protected":false},"excerpt":{"rendered":"<p>Novela \u201cSalve-se Quem Puder\u201d: Ap\u00f3s a fuga do s\u00edtio, Alexia (Deborah Secco) quer saber not\u00edcias da fam\u00edlia e de seu av\u00f4, Ign\u00e1cio (Ot\u00e1vio Augusto). Ela escreve uma carta de recomenda\u00e7\u00e3o e a entrega a Kyra (Vit\u00f3ria Strada). A garota atrapalhada chega no local e Alan (Thiago Fragoso) estranha: \u201cCleyde, n\u00e9? C\u00ea disse pelo interfone que [&hellip;]<\/p>\n","protected":false},"author":5,"featured_media":67691,"comment_status":"open","ping_status":"closed","sticky":false,"template":"","format":"standard","meta":{"tdm_status":"","tdm_grid_status":"","footnotes":""},"categories":[388,379,375,553,343],"tags":[440],"class_list":{"0":"post-188339","1":"post","2":"type-post","3":"status-publish","4":"format-standard","5":"has-post-thumbnail","7":"category-destaques","8":"category-novelas","9":"category-rede-globo","10":"category-salve-se-quem-puder","11":"category-televisao","12":"tag-noticia-novela"},"_links":{"self":[{"href":"https:\/\/migracao.redenoticia.com.br\/noticia\/wp-json\/wp\/v2\/posts\/188339","targetHints":{"allow":["GET"]}}],"collection":[{"href":"https:\/\/migracao.redenoticia.com.br\/noticia\/wp-json\/wp\/v2\/posts"}],"about":[{"href":"https:\/\/migracao.redenoticia.com.br\/noticia\/wp-json\/wp\/v2\/types\/post"}],"author":[{"embeddable":true,"href":"https:\/\/migracao.redenoticia.com.br\/noticia\/wp-json\/wp\/v2\/users\/5"}],"replies":[{"embeddable":true,"href":"https:\/\/migracao.redenoticia.com.br\/noticia\/wp-json\/wp\/v2\/comments?post=188339"}],"version-history":[{"count":0,"href":"https:\/\/migracao.redenoticia.com.br\/noticia\/wp-json\/wp\/v2\/posts\/188339\/revisions"}],"wp:featuredmedia":[{"embeddable":true,"href":"https:\/\/migracao.redenoticia.com.br\/noticia\/wp-json\/wp\/v2\/media\/67691"}],"wp:attachment":[{"href":"https:\/\/migracao.redenoticia.com.br\/noticia\/wp-json\/wp\/v2\/media?parent=188339"}],"wp:term":[{"taxonomy":"category","embeddable":true,"href":"https:\/\/migracao.redenoticia.com.br\/noticia\/wp-json\/wp\/v2\/categories?post=188339"},{"taxonomy":"post_tag","embeddable":true,"href":"https:\/\/migracao.redenoticia.com.br\/noticia\/wp-json\/wp\/v2\/tags?post=188339"}],"curies":[{"name":"wp","href":"https:\/\/api.w.org\/{rel}","templated":true}]}}