{"id":188341,"date":"2020-02-25T17:25:16","date_gmt":"2020-02-25T20:25:16","guid":{"rendered":"https:\/\/www.redenoticia.com.br\/noticia\/?p=188341"},"modified":"2020-02-25T17:25:44","modified_gmt":"2020-02-25T20:25:44","slug":"novela-avenida-brasil-carminha-tenta-se-matar-e-tufao-toma-providencias","status":"publish","type":"post","link":"https:\/\/migracao.redenoticia.com.br\/noticia\/2020\/novela-avenida-brasil-carminha-tenta-se-matar-e-tufao-toma-providencias\/188341","title":{"rendered":"Novela \u201cAvenida Brasil\u201d: Carminha tenta se matar e Tuf\u00e3o toma provid\u00eancias"},"content":{"rendered":"<p><img loading=\"lazy\" decoding=\"async\" class=\"aligncenter size-large wp-image-183449\" src=\"https:\/\/migracao.redenoticia.com.br\/noticia\/imagens\/avenida-brasil-elenco-04-300x300.jpg\" alt=\"\" width=\"300\" height=\"300\" srcset=\"https:\/\/migracao.redenoticia.com.br\/noticia\/imagens\/avenida-brasil-elenco-04-300x300.jpg 300w, https:\/\/migracao.redenoticia.com.br\/noticia\/imagens\/avenida-brasil-elenco-04-187x187.jpg 187w, https:\/\/migracao.redenoticia.com.br\/noticia\/imagens\/avenida-brasil-elenco-04-150x150.jpg 150w, https:\/\/migracao.redenoticia.com.br\/noticia\/imagens\/avenida-brasil-elenco-04-140x140.jpg 140w, https:\/\/migracao.redenoticia.com.br\/noticia\/imagens\/avenida-brasil-elenco-04-85x85.jpg 85w, https:\/\/migracao.redenoticia.com.br\/noticia\/imagens\/avenida-brasil-elenco-04.jpg 530w\" sizes=\"auto, (max-width: 300px) 100vw, 300px\" \/> <strong><em>Novela \u201cAvenida Brasil\u201d:<\/em><\/strong> Depois de ser muito humilhada pela cozinheira e maltratada por Max (Marcello Novaes), Tuf\u00e3o (Murilo Ben\u00edcio) leva Carminha (Adriana Esteves) para o quarto e d\u00e1 um calmante para faz\u00ea-la dormir. Mais calma, ela toma o rem\u00e9dio e pede para ficar sozinha. Quando o marido sai, Carminha vai at\u00e9 a janela e se atira l\u00e1 de cima.<\/p>\n<p>A fam\u00edlia a encontra gemendo de dor no jardim e decide chamar Dr. Guilherme para intern\u00e1-la numa cl\u00ednica de repouso. Quando o m\u00e9dico chega com uma ambul\u00e2ncia, a megera se desespera. \u201cVoc\u00ea est\u00e1 me internando em um hosp\u00edcio, Tuf\u00e3o?\u201d, questiona Carminha, apelando \u00e0 fam\u00edlia para continuar na mans\u00e3o, mas ningu\u00e9m lhe d\u00e1 ouvidos.<\/p>\n<p>Enquanto Carminha faz um esc\u00e2ndalo ao ser levada pelos enfermeiros, Jana\u00edna (Claudia Missura) culpa Nina (D\u00e9bora Falabella) pelo que aconteceu \u00e0 patroa. \u201cVoc\u00ea n\u00e3o tem cora\u00e7\u00e3o, n\u00e3o? Voc\u00ea n\u00e3o pensa na \u00c1gata, na fam\u00edlia da azeda?\u201d, pergunta. Cena prevista para dia 29 de fevereiro na novela \u201cAvenida Brasil\u201d.<\/p>\n<p>\u201cAvenida Brasil\u201d: a hist\u00f3ria de uma jovem que, desde os 11 anos, planeja um acerto de contas com a madrasta. Rita (Mel Maia), \u00f3rf\u00e3 de m\u00e3e, era criada, com muito amor, pelo pai Gen\u00e9sio (Tony Ramos). Tudo muda quando ele se casa com Carmen L\u00facia, a Carminha (Adriana Esteves), uma mulher ambiciosa e dissimulada. Com Gen\u00e9sio, ela se passava por esposa doce e dedicada; com Rita, era uma madrasta m\u00e1.<\/p>\n<p>A menina entra em desespero ao descobrir, ap\u00f3s ouvir uma conversa da madrasta ao telefone, que Carminha est\u00e1 armando um golpe contra seu pai: ele ser\u00e1 abordado na sa\u00edda do banco, logo ap\u00f3s receber o pagamento pela venda da casa onde mora com a filha e a nova esposa.<\/p>\n","protected":false},"excerpt":{"rendered":"<p>Novela \u201cAvenida Brasil\u201d: Depois de ser muito humilhada pela cozinheira e maltratada por Max (Marcello Novaes), Tuf\u00e3o (Murilo Ben\u00edcio) leva Carminha (Adriana Esteves) para o quarto e d\u00e1 um calmante para faz\u00ea-la dormir. Mais calma, ela toma o rem\u00e9dio e pede para ficar sozinha. Quando o marido sai, Carminha vai at\u00e9 a janela e se [&hellip;]<\/p>\n","protected":false},"author":5,"featured_media":182543,"comment_status":"open","ping_status":"closed","sticky":false,"template":"","format":"standard","meta":{"tdm_status":"","tdm_grid_status":"","footnotes":""},"categories":[549,388,379,375,343],"tags":[440],"class_list":{"0":"post-188341","1":"post","2":"type-post","3":"status-publish","4":"format-standard","5":"has-post-thumbnail","7":"category-avenida-brasil","8":"category-destaques","9":"category-novelas","10":"category-rede-globo","11":"category-televisao","12":"tag-noticia-novela"},"_links":{"self":[{"href":"https:\/\/migracao.redenoticia.com.br\/noticia\/wp-json\/wp\/v2\/posts\/188341","targetHints":{"allow":["GET"]}}],"collection":[{"href":"https:\/\/migracao.redenoticia.com.br\/noticia\/wp-json\/wp\/v2\/posts"}],"about":[{"href":"https:\/\/migracao.redenoticia.com.br\/noticia\/wp-json\/wp\/v2\/types\/post"}],"author":[{"embeddable":true,"href":"https:\/\/migracao.redenoticia.com.br\/noticia\/wp-json\/wp\/v2\/users\/5"}],"replies":[{"embeddable":true,"href":"https:\/\/migracao.redenoticia.com.br\/noticia\/wp-json\/wp\/v2\/comments?post=188341"}],"version-history":[{"count":0,"href":"https:\/\/migracao.redenoticia.com.br\/noticia\/wp-json\/wp\/v2\/posts\/188341\/revisions"}],"wp:featuredmedia":[{"embeddable":true,"href":"https:\/\/migracao.redenoticia.com.br\/noticia\/wp-json\/wp\/v2\/media\/182543"}],"wp:attachment":[{"href":"https:\/\/migracao.redenoticia.com.br\/noticia\/wp-json\/wp\/v2\/media?parent=188341"}],"wp:term":[{"taxonomy":"category","embeddable":true,"href":"https:\/\/migracao.redenoticia.com.br\/noticia\/wp-json\/wp\/v2\/categories?post=188341"},{"taxonomy":"post_tag","embeddable":true,"href":"https:\/\/migracao.redenoticia.com.br\/noticia\/wp-json\/wp\/v2\/tags?post=188341"}],"curies":[{"name":"wp","href":"https:\/\/api.w.org\/{rel}","templated":true}]}}