{"id":188492,"date":"2020-03-01T19:41:01","date_gmt":"2020-03-01T22:41:01","guid":{"rendered":"https:\/\/www.redenoticia.com.br\/noticia\/?p=188492"},"modified":"2020-03-01T20:28:30","modified_gmt":"2020-03-01T23:28:30","slug":"novela-avenida-brasil-jorginho-descobre-que-e-filho-de-max","status":"publish","type":"post","link":"https:\/\/migracao.redenoticia.com.br\/noticia\/2020\/novela-avenida-brasil-jorginho-descobre-que-e-filho-de-max\/188492","title":{"rendered":"Novela \u201cAvenida Brasil\u201d: Jorginho pressiona Neide e descobre que \u00e9 filho de Max"},"content":{"rendered":"<p><img loading=\"lazy\" decoding=\"async\" src=\"https:\/\/migracao.redenoticia.com.br\/noticia\/imagens\/avenida-brasil-logo-300x300.jpg\" alt=\"\" width=\"300\" height=\"300\" class=\"aligncenter size-large wp-image-182544\" srcset=\"https:\/\/migracao.redenoticia.com.br\/noticia\/imagens\/avenida-brasil-logo-300x300.jpg 300w, https:\/\/migracao.redenoticia.com.br\/noticia\/imagens\/avenida-brasil-logo-187x187.jpg 187w, https:\/\/migracao.redenoticia.com.br\/noticia\/imagens\/avenida-brasil-logo.jpg 580w\" sizes=\"auto, (max-width: 300px) 100vw, 300px\" \/> <strong><em>Novela \u201cAvenida Brasil\u201d:<\/em><\/strong> Jorginho (Cau\u00e3 Reymond) n\u00e3o desiste de desvendar a identidade de seu pai biol\u00f3gico. O jogador vai \u00e0 casa de Neide (Claudia Assump\u00e7\u00e3o), sua vizinha quando ele era crian\u00e7a, e convence a cafetina a lhe contar a verdade mais uma vez: \u201cEst\u00e1 t\u00e3o na sua cara, Jorginho, n\u00e3o sei como voc\u00ea n\u00e3o se tocou. Acho que voc\u00ea j\u00e1 sabe, s\u00f3 n\u00e3o quer enxergar. O teu pai \u00e9 o Max, Jorginho\u201d.<\/p>\n<p>Chocado com a descoberta, Jorginho cai no choro e desabafa com Neide: \u201cAquela ordin\u00e1ria fez o coitado do Tuf\u00e3o criar o filho que ela teve com o amante como se fosse dele! E eu&#8230; eu&#8230; sou filho desses bandidos, desses marginais\u201d. O jovem se desespera. Cena prevista para mar\u00e7o na novela \u201cAvenida Brasil\u201d.<\/p>\n<p>\u201cAvenida Brasil\u201d: a hist\u00f3ria de uma jovem que, desde os 11 anos, planeja um acerto de contas com a madrasta. Rita (Mel Maia), \u00f3rf\u00e3 de m\u00e3e, era criada, com muito amor, pelo pai Gen\u00e9sio (Tony Ramos). Tudo muda quando ele se casa com Carmen L\u00facia, a Carminha (Adriana Esteves), uma mulher ambiciosa e dissimulada. Com Gen\u00e9sio, ela se passava por esposa doce e dedicada; com Rita, era uma madrasta m\u00e1.<\/p>\n<p>A menina entra em desespero ao descobrir, ap\u00f3s ouvir uma conversa da madrasta ao telefone, que Carminha est\u00e1 armando um golpe contra seu pai: ele ser\u00e1 abordado na sa\u00edda do banco, logo ap\u00f3s receber o pagamento pela venda da casa onde mora com a filha e a nova esposa.<\/p>\n","protected":false},"excerpt":{"rendered":"<p>Novela \u201cAvenida Brasil\u201d: Jorginho (Cau\u00e3 Reymond) n\u00e3o desiste de desvendar a identidade de seu pai biol\u00f3gico. O jogador vai \u00e0 casa de Neide (Claudia Assump\u00e7\u00e3o), sua vizinha quando ele era crian\u00e7a, e convence a cafetina a lhe contar a verdade mais uma vez: \u201cEst\u00e1 t\u00e3o na sua cara, Jorginho, n\u00e3o sei como voc\u00ea n\u00e3o se [&hellip;]<\/p>\n","protected":false},"author":5,"featured_media":183447,"comment_status":"open","ping_status":"closed","sticky":false,"template":"","format":"standard","meta":{"tdm_status":"","tdm_grid_status":"","footnotes":""},"categories":[549,388,379,375,343],"tags":[440],"class_list":{"0":"post-188492","1":"post","2":"type-post","3":"status-publish","4":"format-standard","5":"has-post-thumbnail","7":"category-avenida-brasil","8":"category-destaques","9":"category-novelas","10":"category-rede-globo","11":"category-televisao","12":"tag-noticia-novela"},"_links":{"self":[{"href":"https:\/\/migracao.redenoticia.com.br\/noticia\/wp-json\/wp\/v2\/posts\/188492","targetHints":{"allow":["GET"]}}],"collection":[{"href":"https:\/\/migracao.redenoticia.com.br\/noticia\/wp-json\/wp\/v2\/posts"}],"about":[{"href":"https:\/\/migracao.redenoticia.com.br\/noticia\/wp-json\/wp\/v2\/types\/post"}],"author":[{"embeddable":true,"href":"https:\/\/migracao.redenoticia.com.br\/noticia\/wp-json\/wp\/v2\/users\/5"}],"replies":[{"embeddable":true,"href":"https:\/\/migracao.redenoticia.com.br\/noticia\/wp-json\/wp\/v2\/comments?post=188492"}],"version-history":[{"count":0,"href":"https:\/\/migracao.redenoticia.com.br\/noticia\/wp-json\/wp\/v2\/posts\/188492\/revisions"}],"wp:featuredmedia":[{"embeddable":true,"href":"https:\/\/migracao.redenoticia.com.br\/noticia\/wp-json\/wp\/v2\/media\/183447"}],"wp:attachment":[{"href":"https:\/\/migracao.redenoticia.com.br\/noticia\/wp-json\/wp\/v2\/media?parent=188492"}],"wp:term":[{"taxonomy":"category","embeddable":true,"href":"https:\/\/migracao.redenoticia.com.br\/noticia\/wp-json\/wp\/v2\/categories?post=188492"},{"taxonomy":"post_tag","embeddable":true,"href":"https:\/\/migracao.redenoticia.com.br\/noticia\/wp-json\/wp\/v2\/tags?post=188492"}],"curies":[{"name":"wp","href":"https:\/\/api.w.org\/{rel}","templated":true}]}}