{"id":188496,"date":"2020-02-10T17:59:24","date_gmt":"2020-02-10T20:59:24","guid":{"rendered":"https:\/\/www.redenoticia.com.br\/noticia\/?p=188496"},"modified":"2020-02-10T18:25:19","modified_gmt":"2020-02-10T21:25:19","slug":"novela-avenida-brasil-nilo-encalha-o-barco-de-max","status":"publish","type":"post","link":"https:\/\/migracao.redenoticia.com.br\/noticia\/2020\/novela-avenida-brasil-nilo-encalha-o-barco-de-max\/188496","title":{"rendered":"Novela \u201cAvenida Brasil\u201d: Nilo encalha o barco de Max"},"content":{"rendered":"<p><img loading=\"lazy\" decoding=\"async\" src=\"https:\/\/migracao.redenoticia.com.br\/noticia\/imagens\/avenida-brasil-logo-300x300.jpg\" alt=\"\" width=\"300\" height=\"300\" class=\"aligncenter size-large wp-image-182544\" srcset=\"https:\/\/migracao.redenoticia.com.br\/noticia\/imagens\/avenida-brasil-logo-300x300.jpg 300w, https:\/\/migracao.redenoticia.com.br\/noticia\/imagens\/avenida-brasil-logo-187x187.jpg 187w, https:\/\/migracao.redenoticia.com.br\/noticia\/imagens\/avenida-brasil-logo.jpg 580w\" sizes=\"auto, (max-width: 300px) 100vw, 300px\" \/> <strong><em>Novela \u201cAvenida Brasil\u201d:<\/em><\/strong> Nilo (Jos\u00e9 de Abreu) est\u00e1 se sentindo um verdadeiro capit\u00e3o na lancha de Max (Marcello Novaes). B\u00eabado, ele dirige a embarca\u00e7\u00e3o e at\u00e9 prepara uma gororoba para o filh\u00e3o, enquanto passeia em alto-mar. Sem paci\u00eancia para as loucuras do pai, Max retoma o controle da lancha e tenta voltar para a marina, mas acaba passando mal com a comida.<\/p>\n<p>Nilo aproveita para dirigir a lancha novamente, mas de t\u00e3o b\u00eabado n\u00e3o percebe que est\u00e1 se aproximando da praia e bate com a embarca\u00e7\u00e3o em um banco de areia. \u201cRelaxa, filh\u00e3o! O barco nem afundou nem nada, s\u00f3 encalhou no banco de areia\u201d, comenta Nilo, despreocupado. Cena prevista para dia 04 de mar\u00e7o na novela \u201cAvenida Brasil\u201d.<\/p>\n<p>\u201cAvenida Brasil\u201d: a hist\u00f3ria de uma jovem que, desde os 11 anos, planeja um acerto de contas com a madrasta. Rita (Mel Maia), \u00f3rf\u00e3 de m\u00e3e, era criada, com muito amor, pelo pai Gen\u00e9sio (Tony Ramos). Tudo muda quando ele se casa com Carmen L\u00facia, a Carminha (Adriana Esteves), uma mulher ambiciosa e dissimulada. Com Gen\u00e9sio, ela se passava por esposa doce e dedicada; com Rita, era uma madrasta m\u00e1.<\/p>\n<p>A menina entra em desespero ao descobrir, ap\u00f3s ouvir uma conversa da madrasta ao telefone, que Carminha est\u00e1 armando um golpe contra seu pai: ele ser\u00e1 abordado na sa\u00edda do banco, logo ap\u00f3s receber o pagamento pela venda da casa onde mora com a filha e a nova esposa.<\/p>\n","protected":false},"excerpt":{"rendered":"<p>Novela \u201cAvenida Brasil\u201d: Nilo (Jos\u00e9 de Abreu) est\u00e1 se sentindo um verdadeiro capit\u00e3o na lancha de Max (Marcello Novaes). B\u00eabado, ele dirige a embarca\u00e7\u00e3o e at\u00e9 prepara uma gororoba para o filh\u00e3o, enquanto passeia em alto-mar. Sem paci\u00eancia para as loucuras do pai, Max retoma o controle da lancha e tenta voltar para a marina, [&hellip;]<\/p>\n","protected":false},"author":5,"featured_media":74585,"comment_status":"open","ping_status":"closed","sticky":false,"template":"","format":"standard","meta":{"tdm_status":"","tdm_grid_status":"","footnotes":""},"categories":[549,388,379,375,343],"tags":[440],"class_list":{"0":"post-188496","1":"post","2":"type-post","3":"status-publish","4":"format-standard","5":"has-post-thumbnail","7":"category-avenida-brasil","8":"category-destaques","9":"category-novelas","10":"category-rede-globo","11":"category-televisao","12":"tag-noticia-novela"},"_links":{"self":[{"href":"https:\/\/migracao.redenoticia.com.br\/noticia\/wp-json\/wp\/v2\/posts\/188496","targetHints":{"allow":["GET"]}}],"collection":[{"href":"https:\/\/migracao.redenoticia.com.br\/noticia\/wp-json\/wp\/v2\/posts"}],"about":[{"href":"https:\/\/migracao.redenoticia.com.br\/noticia\/wp-json\/wp\/v2\/types\/post"}],"author":[{"embeddable":true,"href":"https:\/\/migracao.redenoticia.com.br\/noticia\/wp-json\/wp\/v2\/users\/5"}],"replies":[{"embeddable":true,"href":"https:\/\/migracao.redenoticia.com.br\/noticia\/wp-json\/wp\/v2\/comments?post=188496"}],"version-history":[{"count":0,"href":"https:\/\/migracao.redenoticia.com.br\/noticia\/wp-json\/wp\/v2\/posts\/188496\/revisions"}],"wp:featuredmedia":[{"embeddable":true,"href":"https:\/\/migracao.redenoticia.com.br\/noticia\/wp-json\/wp\/v2\/media\/74585"}],"wp:attachment":[{"href":"https:\/\/migracao.redenoticia.com.br\/noticia\/wp-json\/wp\/v2\/media?parent=188496"}],"wp:term":[{"taxonomy":"category","embeddable":true,"href":"https:\/\/migracao.redenoticia.com.br\/noticia\/wp-json\/wp\/v2\/categories?post=188496"},{"taxonomy":"post_tag","embeddable":true,"href":"https:\/\/migracao.redenoticia.com.br\/noticia\/wp-json\/wp\/v2\/tags?post=188496"}],"curies":[{"name":"wp","href":"https:\/\/api.w.org\/{rel}","templated":true}]}}