{"id":1885,"date":"2009-05-22T09:27:27","date_gmt":"2009-05-22T13:27:27","guid":{"rendered":"http:\/\/www.redenoticia.com.br\/noticia\/?p=1885"},"modified":"2009-05-22T09:27:27","modified_gmt":"2009-05-22T13:27:27","slug":"ji-parana-inicia-10-dias-de-competicoes","status":"publish","type":"post","link":"https:\/\/migracao.redenoticia.com.br\/noticia\/2009\/ji-parana-inicia-10-dias-de-competicoes\/1885","title":{"rendered":"Ji-Paran\u00e1 inicia 10 dias de competi\u00e7\u00f5es"},"content":{"rendered":"<p><span style=\"font-family: Arial;\">Jogos e competi\u00e7\u00f5es para todos os gostos. At\u00e9 o dia 31 n\u00e3o tem desculpa para ficar em casa.<\/span><\/p>\n<p class=\"MsoNormal\"><span style=\"font-family: Arial;\">Todos os dias a comunidade poder\u00e1 torcer e apoiar os atletas da cidade. \u00c9 s\u00f3 seguir o roteiro e n\u00e3o perder a hora.<\/span><\/p>\n<p class=\"MsoNormal\"><span style=\"font-family: Arial;\">Destaque especial para a competi\u00e7\u00e3o do v\u00f4lei de praia que ser\u00e1 realizada na quadra de areia da Escola Julio Guerra. Esta quadra foi constru\u00edda com muito esfor\u00e7o, economia e administra\u00e7\u00e3o consciente da atual gest\u00e3o.<span><a href=\"https:\/\/migracao.redenoticia.com.br\/noticia\/imagens\/\/tabela.jpg\"><img loading=\"lazy\" decoding=\"async\" class=\"alignleft size-full wp-image-1884\" title=\"tabela\" src=\"https:\/\/migracao.redenoticia.com.br\/noticia\/imagens\/\/tabela.jpg\" alt=\"tabela\" width=\"400\" height=\"300\" \/><\/a> <\/span><\/span><\/p>\n","protected":false},"excerpt":{"rendered":"<p>Jogos e competi\u00e7\u00f5es para todos os gostos. At\u00e9 o dia 31 n\u00e3o tem desculpa para ficar em casa. Todos os dias a comunidade poder\u00e1 torcer e apoiar os atletas da cidade. \u00c9 s\u00f3 seguir o roteiro e n\u00e3o perder a hora. Destaque especial para a competi\u00e7\u00e3o do v\u00f4lei de praia que ser\u00e1 realizada na quadra [&hellip;]<\/p>\n","protected":false},"author":3,"featured_media":0,"comment_status":"open","ping_status":"open","sticky":false,"template":"","format":"standard","meta":{"tdm_status":"","tdm_grid_status":"","footnotes":""},"categories":[22],"tags":[],"class_list":{"0":"post-1885","1":"post","2":"type-post","3":"status-publish","4":"format-standard","6":"category-brasil"},"_links":{"self":[{"href":"https:\/\/migracao.redenoticia.com.br\/noticia\/wp-json\/wp\/v2\/posts\/1885","targetHints":{"allow":["GET"]}}],"collection":[{"href":"https:\/\/migracao.redenoticia.com.br\/noticia\/wp-json\/wp\/v2\/posts"}],"about":[{"href":"https:\/\/migracao.redenoticia.com.br\/noticia\/wp-json\/wp\/v2\/types\/post"}],"author":[{"embeddable":true,"href":"https:\/\/migracao.redenoticia.com.br\/noticia\/wp-json\/wp\/v2\/users\/3"}],"replies":[{"embeddable":true,"href":"https:\/\/migracao.redenoticia.com.br\/noticia\/wp-json\/wp\/v2\/comments?post=1885"}],"version-history":[{"count":0,"href":"https:\/\/migracao.redenoticia.com.br\/noticia\/wp-json\/wp\/v2\/posts\/1885\/revisions"}],"wp:attachment":[{"href":"https:\/\/migracao.redenoticia.com.br\/noticia\/wp-json\/wp\/v2\/media?parent=1885"}],"wp:term":[{"taxonomy":"category","embeddable":true,"href":"https:\/\/migracao.redenoticia.com.br\/noticia\/wp-json\/wp\/v2\/categories?post=1885"},{"taxonomy":"post_tag","embeddable":true,"href":"https:\/\/migracao.redenoticia.com.br\/noticia\/wp-json\/wp\/v2\/tags?post=1885"}],"curies":[{"name":"wp","href":"https:\/\/api.w.org\/{rel}","templated":true}]}}