{"id":188500,"date":"2020-02-11T15:19:48","date_gmt":"2020-02-11T18:19:48","guid":{"rendered":"https:\/\/www.redenoticia.com.br\/noticia\/?p=188500"},"modified":"2020-02-17T16:29:26","modified_gmt":"2020-02-17T19:29:26","slug":"novela-salve-se-quem-puder-baggio-contrata-luna-e-helena-destrata-a-jovem","status":"publish","type":"post","link":"https:\/\/migracao.redenoticia.com.br\/noticia\/2020\/novela-salve-se-quem-puder-baggio-contrata-luna-e-helena-destrata-a-jovem\/188500","title":{"rendered":"Novela \u201cSalve-se Quem Puder\u201d: Baggio contrata Luna e Helena o repreende"},"content":{"rendered":"<p><img loading=\"lazy\" decoding=\"async\" src=\"https:\/\/migracao.redenoticia.com.br\/noticia\/imagens\/salve-se-quem-puder-protagonistas-300x300.jpg\" alt=\"\" width=\"300\" height=\"300\" class=\"aligncenter size-large wp-image-187395\" srcset=\"https:\/\/migracao.redenoticia.com.br\/noticia\/imagens\/salve-se-quem-puder-protagonistas-300x300.jpg 300w, https:\/\/migracao.redenoticia.com.br\/noticia\/imagens\/salve-se-quem-puder-protagonistas-187x187.jpg 187w, https:\/\/migracao.redenoticia.com.br\/noticia\/imagens\/salve-se-quem-puder-protagonistas-768x768.jpg 768w, https:\/\/migracao.redenoticia.com.br\/noticia\/imagens\/salve-se-quem-puder-protagonistas-150x150.jpg 150w, https:\/\/migracao.redenoticia.com.br\/noticia\/imagens\/salve-se-quem-puder-protagonistas-140x140.jpg 140w, https:\/\/migracao.redenoticia.com.br\/noticia\/imagens\/salve-se-quem-puder-protagonistas-85x85.jpg 85w, https:\/\/migracao.redenoticia.com.br\/noticia\/imagens\/salve-se-quem-puder-protagonistas-696x696.jpg 696w, https:\/\/migracao.redenoticia.com.br\/noticia\/imagens\/salve-se-quem-puder-protagonistas.jpg 853w\" sizes=\"auto, (max-width: 300px) 100vw, 300px\" \/><\/p>\n<p><strong><em>Novela \u201cSalve-se Quem Puder\u201d:<\/em><\/strong> Luna (Juliana Paiva) chega na empresa de Helena (Fl\u00e1via Alessandra) e atrapalha o lan\u00e7amento de um produto. Helena socorre a garota, sem saber que \u00e9 sua filha, e depois a manda embora do local. Luna consegue emprego em um restaurante italiano no Emp\u00f3rio, v\u00ea T\u00e9o (Felipe Simas) despencar de uma escada e o socorre. Ele n\u00e3o se lembra de Luna, mas agradece pelo apoio. Dias depois, Luna descobre que a fam\u00edlia de Helena Santamarina est\u00e1 no seu local de trabalho e leva um vinho at\u00e9 a mesa: \u201cBoa tarde! Quem vai provar o vinho?\u201d. Helena fica em choque ao ver Luna: \u201cO que essa menina t\u00e1 fazendo aqui?\u201d<\/p>\n<p>Baggio (Amauri Reis), o respons\u00e1vel pelo restaurante, estranha. T\u00e9o chega com \u00darsula (Aline Dias) e diz: \u201cVoc\u00ea aqui? N\u00e3o tou acreditando. Essa \u00e9 a garota que me ajudou quando eu ca\u00ed, m\u00e3e\u201d. Luna fica tonta ao saber que T\u00e9o \u00e9 filho de Helena. Helena destrata a jovem, Hugo (Leopoldo Pacheco) ap\u00f3ia a esposa e T\u00e9o reclama. \u00darsula piora a situa\u00e7\u00e3o: \u201cSeu Baggio, como que o senhor contrata essa mo\u00e7a? Sabe quem ela \u00e9?\u201d. \u00darsula diz que foi ela que deu vexame no lan\u00e7amento do chocolate. Helena fica mais nervosa, Baggio diz que ir\u00e1 acertar as contas com Luna. Cena prevista para dia 19 de fevereiro na novela \u201cSalve-se Quem Puder\u201d.<\/p>\n<p>\u201cSalve-se Quem Puder\u201d: Tr\u00eas mulheres com novas identidades e uma \u00fanica certeza: suas vidas est\u00e3o entrela\u00e7adas para sempre. Salve-se Quem Puder conta a hist\u00f3ria de Alexia (Deborah Secco), Luna (Juliana Paiva) e Kyra (Vit\u00f3ria Strada), que ingressam no Programa de Prote\u00e7\u00e3o \u00e0 Testemunha e mudam de vida ap\u00f3s presenciarem um crime. Para sobreviver, elas mudam o nome, a apar\u00eancia, o estilo de vida e v\u00e3o morar na fict\u00edcia Judas do Norte, no interior de S\u00e3o Paulo, depois que s\u00e3o dadas como mortas.<\/p>\n<p>Alexia vira Josimara, Luna assume o nome de Fiona e Kyra \u00e9 Cleyde, novas pessoas com um padr\u00e3o de vida bem diferente. Elas ser\u00e3o acolhidas por uma fam\u00edlia protetora &#8211; que n\u00e3o sabe nada sobre o passado delas &#8211; e v\u00e3o precisar seguir regras r\u00edgidas para permanecerem no programa. A primeira delas \u00e9 a interrup\u00e7\u00e3o imediata de qualquer tipo de contato com conhecidos, por isso, celulares e rede sociais s\u00e3o proibidos, assim como frequentar os mesmos lugares e cultivar h\u00e1bitos do passado.<\/p>\n","protected":false},"excerpt":{"rendered":"<p>Novela \u201cSalve-se Quem Puder\u201d: Luna (Juliana Paiva) chega na empresa de Helena (Fl\u00e1via Alessandra) e atrapalha o lan\u00e7amento de um produto. Helena socorre a garota, sem saber que \u00e9 sua filha, e depois a manda embora do local. Luna consegue emprego em um restaurante italiano no Emp\u00f3rio, v\u00ea T\u00e9o (Felipe Simas) despencar de uma escada [&hellip;]<\/p>\n","protected":false},"author":5,"featured_media":186173,"comment_status":"open","ping_status":"closed","sticky":false,"template":"","format":"standard","meta":{"tdm_status":"","tdm_grid_status":"","footnotes":""},"categories":[388,379,375,553,343],"tags":[440],"class_list":{"0":"post-188500","1":"post","2":"type-post","3":"status-publish","4":"format-standard","5":"has-post-thumbnail","7":"category-destaques","8":"category-novelas","9":"category-rede-globo","10":"category-salve-se-quem-puder","11":"category-televisao","12":"tag-noticia-novela"},"_links":{"self":[{"href":"https:\/\/migracao.redenoticia.com.br\/noticia\/wp-json\/wp\/v2\/posts\/188500","targetHints":{"allow":["GET"]}}],"collection":[{"href":"https:\/\/migracao.redenoticia.com.br\/noticia\/wp-json\/wp\/v2\/posts"}],"about":[{"href":"https:\/\/migracao.redenoticia.com.br\/noticia\/wp-json\/wp\/v2\/types\/post"}],"author":[{"embeddable":true,"href":"https:\/\/migracao.redenoticia.com.br\/noticia\/wp-json\/wp\/v2\/users\/5"}],"replies":[{"embeddable":true,"href":"https:\/\/migracao.redenoticia.com.br\/noticia\/wp-json\/wp\/v2\/comments?post=188500"}],"version-history":[{"count":0,"href":"https:\/\/migracao.redenoticia.com.br\/noticia\/wp-json\/wp\/v2\/posts\/188500\/revisions"}],"wp:featuredmedia":[{"embeddable":true,"href":"https:\/\/migracao.redenoticia.com.br\/noticia\/wp-json\/wp\/v2\/media\/186173"}],"wp:attachment":[{"href":"https:\/\/migracao.redenoticia.com.br\/noticia\/wp-json\/wp\/v2\/media?parent=188500"}],"wp:term":[{"taxonomy":"category","embeddable":true,"href":"https:\/\/migracao.redenoticia.com.br\/noticia\/wp-json\/wp\/v2\/categories?post=188500"},{"taxonomy":"post_tag","embeddable":true,"href":"https:\/\/migracao.redenoticia.com.br\/noticia\/wp-json\/wp\/v2\/tags?post=188500"}],"curies":[{"name":"wp","href":"https:\/\/api.w.org\/{rel}","templated":true}]}}