{"id":188528,"date":"2020-02-08T20:06:43","date_gmt":"2020-02-08T23:06:43","guid":{"rendered":"https:\/\/www.redenoticia.com.br\/noticia\/?p=188528"},"modified":"2020-02-10T20:16:45","modified_gmt":"2020-02-10T23:16:45","slug":"resumo-novela-cumplices-de-um-resgate-11-02-teo-descobre-que-antonela-e-marina","status":"publish","type":"post","link":"https:\/\/migracao.redenoticia.com.br\/noticia\/2020\/resumo-novela-cumplices-de-um-resgate-11-02-teo-descobre-que-antonela-e-marina\/188528","title":{"rendered":"Resumo novela \u201cC\u00famplices de um Resgate\u201d 11\/02: T\u00e9o descobre que Antonela \u00e9 Marina"},"content":{"rendered":"<p> <img loading=\"lazy\" decoding=\"async\" class=\"aligncenter size-large wp-image-164526\" src=\"https:\/\/migracao.redenoticia.com.br\/noticia\/imagens\/cumplices-de-um-resgate-001-316x300.jpg\" alt=\"\" width=\"316\" height=\"300\" srcset=\"https:\/\/migracao.redenoticia.com.br\/noticia\/imagens\/cumplices-de-um-resgate-001-316x300.jpg 316w, https:\/\/migracao.redenoticia.com.br\/noticia\/imagens\/cumplices-de-um-resgate-001-197x187.jpg 197w, https:\/\/migracao.redenoticia.com.br\/noticia\/imagens\/cumplices-de-um-resgate-001-150x143.jpg 150w, https:\/\/migracao.redenoticia.com.br\/noticia\/imagens\/cumplices-de-um-resgate-001.jpg 526w\" sizes=\"auto, (max-width: 316px) 100vw, 316px\" \/><\/p>\n<p><strong><em>Resumo novela \u201cC\u00famplices de um Resgate\u201d 11\/02<\/em><\/strong>: no cap\u00edtulo 000(*) da novela, ter\u00e7a-feira, 11 de fevereiro, No capitulo 288, ter\u00e7a-feira, 11 de fevereiro \u2013Rebeca diz para Clara o que aconteceu na On-Enterprise. Berta se intromete na conversa e exp\u00f5em Rebeca na frente de todas as demais costureiras. \u201cDe que adianta ser a cabe\u00e7a de uma confec\u00e7\u00e3o se n\u00e3o consegue pensar direito\u201d, diz a maligna costureira. Na rodovi\u00e1ria, Nina encontra Giuseppe e Nico. Os dois contam para a evang\u00e9lica que foram roubados. Nico aumenta a hist\u00f3ria e diz que foi por tr\u00eas homens fortemente armados. D\u00f3ris diz para Rebeca que acha que Manuela quer mudar de igreja pois a viu com o padre. Joaquim chega para o jantar na casa de Regina.<\/p>\n<p>Priscila fica feliz e faz quest\u00e3o de conversar com ele, que s\u00f3 tem olhos pra Manuela. Felipe e Julia decidem ir at\u00e9 a mans\u00e3o de Regina para ajudar Joaquim. Na mans\u00e3o, Joaquim pede para que Priscila se alimente. Regina aproveita a situa\u00e7\u00e3o para insistir que eles andem mais vezes juntos para que a ideia de casal fique mais famosa entre os f\u00e3s da C1R. A vil\u00e3 faz quest\u00e3o de fotografar apenas os dois para postar nas redes sociais da banda. Pedro conta para Fiorina que foi em todos os lugares da cidade, mas que n\u00e3o encontrou Giuseppe e nem Nico.<\/p>\n<p>A italiana fica irritada ao ver Giuseppe, Nico e Nina chegando juntos no \u00f4nibus. T\u00e9o conta para Antonela, que na verdade \u00e9 Marina, que Manuela mudou muito ap\u00f3s o sequestro e que agora gosta mais dela do que antes e chega a sentir at\u00e9 um calor no peito. D\u00f3ris fantasia sobre o pai, Luiz, ser um super-her\u00f3i. Regina pede para Geraldo pedir para Vicente por limite nos irm\u00e3os Vaz pois a coletiva de imprensa est\u00e1 pr\u00f3xima.<\/p>\n<p>(*) edi\u00e7\u00e3o do SBT, Novela \u201cC\u00famplices de um Resgate\u201d, sujeito a altera\u00e7\u00e3o de data e conte\u00fado.<\/p>\n<p>\u201cC\u00famplices de um Resgate\u201d &#8211; Duas irm\u00e3s g\u00eameas univitelinas que foram separadas ap\u00f3s nascimento, se reencontram somente ap\u00f3s doze anos. Manuela, uma das g\u00eameas, \u00e9 doce, meiga, gentil, e muito talentosa para a m\u00fasica e tem uma voz encantadora. Vive uma vida feliz no Vilarejo dos Sonhos, onde mora com sua av\u00f3 Nina, sua tia Helena e sua m\u00e3e Rebeca, que d\u00e1 muito amor e carinho a filha por ela nunca ter tido um pai, e ela \u00e9 a m\u00e3e biol\u00f3gica das duas garotas, mas nunca soube que teve g\u00eameas.<\/p>\n","protected":false},"excerpt":{"rendered":"<p>Resumo novela \u201cC\u00famplices de um Resgate\u201d 11\/02: no cap\u00edtulo 000(*) da novela, ter\u00e7a-feira, 11 de fevereiro, No capitulo 288, ter\u00e7a-feira, 11 de fevereiro \u2013Rebeca diz para Clara o que aconteceu na On-Enterprise. Berta se intromete na conversa e exp\u00f5em Rebeca na frente de todas as demais costureiras. \u201cDe que adianta ser a cabe\u00e7a de uma [&hellip;]<\/p>\n","protected":false},"author":5,"featured_media":164525,"comment_status":"open","ping_status":"closed","sticky":false,"template":"","format":"standard","meta":{"tdm_status":"","tdm_grid_status":"","footnotes":""},"categories":[379,372,343],"tags":[441],"class_list":{"0":"post-188528","1":"post","2":"type-post","3":"status-publish","4":"format-standard","5":"has-post-thumbnail","7":"category-novelas","8":"category-sbt","9":"category-televisao","10":"tag-resumo-do-dia"},"_links":{"self":[{"href":"https:\/\/migracao.redenoticia.com.br\/noticia\/wp-json\/wp\/v2\/posts\/188528","targetHints":{"allow":["GET"]}}],"collection":[{"href":"https:\/\/migracao.redenoticia.com.br\/noticia\/wp-json\/wp\/v2\/posts"}],"about":[{"href":"https:\/\/migracao.redenoticia.com.br\/noticia\/wp-json\/wp\/v2\/types\/post"}],"author":[{"embeddable":true,"href":"https:\/\/migracao.redenoticia.com.br\/noticia\/wp-json\/wp\/v2\/users\/5"}],"replies":[{"embeddable":true,"href":"https:\/\/migracao.redenoticia.com.br\/noticia\/wp-json\/wp\/v2\/comments?post=188528"}],"version-history":[{"count":0,"href":"https:\/\/migracao.redenoticia.com.br\/noticia\/wp-json\/wp\/v2\/posts\/188528\/revisions"}],"wp:featuredmedia":[{"embeddable":true,"href":"https:\/\/migracao.redenoticia.com.br\/noticia\/wp-json\/wp\/v2\/media\/164525"}],"wp:attachment":[{"href":"https:\/\/migracao.redenoticia.com.br\/noticia\/wp-json\/wp\/v2\/media?parent=188528"}],"wp:term":[{"taxonomy":"category","embeddable":true,"href":"https:\/\/migracao.redenoticia.com.br\/noticia\/wp-json\/wp\/v2\/categories?post=188528"},{"taxonomy":"post_tag","embeddable":true,"href":"https:\/\/migracao.redenoticia.com.br\/noticia\/wp-json\/wp\/v2\/tags?post=188528"}],"curies":[{"name":"wp","href":"https:\/\/api.w.org\/{rel}","templated":true}]}}