{"id":188690,"date":"2020-02-12T12:12:32","date_gmt":"2020-02-12T15:12:32","guid":{"rendered":"https:\/\/www.redenoticia.com.br\/noticia\/?p=188690"},"modified":"2020-02-12T12:12:32","modified_gmt":"2020-02-12T15:12:32","slug":"resumo-novela-meu-coracao-e-teu-13-02-fernando-descobre-que-alicia-tem-perfil-em-site-da-internet","status":"publish","type":"post","link":"https:\/\/migracao.redenoticia.com.br\/noticia\/2020\/resumo-novela-meu-coracao-e-teu-13-02-fernando-descobre-que-alicia-tem-perfil-em-site-da-internet\/188690","title":{"rendered":"Resumo novela \u201cMeu Cora\u00e7\u00e3o \u00e9 Teu\u201d 13\/02: Fernando descobre que Alicia tem perfil em site da internet"},"content":{"rendered":"<p><img loading=\"lazy\" decoding=\"async\" src=\"https:\/\/migracao.redenoticia.com.br\/noticia\/imagens\/meu-coracao-e-teu-300x300.jpg\" alt=\"\" width=\"300\" height=\"300\" class=\"aligncenter size-large wp-image-183929\" srcset=\"https:\/\/migracao.redenoticia.com.br\/noticia\/imagens\/meu-coracao-e-teu-300x300.jpg 300w, https:\/\/migracao.redenoticia.com.br\/noticia\/imagens\/meu-coracao-e-teu-187x187.jpg 187w, https:\/\/migracao.redenoticia.com.br\/noticia\/imagens\/meu-coracao-e-teu-150x150.jpg 150w, https:\/\/migracao.redenoticia.com.br\/noticia\/imagens\/meu-coracao-e-teu-140x140.jpg 140w, https:\/\/migracao.redenoticia.com.br\/noticia\/imagens\/meu-coracao-e-teu-85x85.jpg 85w, https:\/\/migracao.redenoticia.com.br\/noticia\/imagens\/meu-coracao-e-teu.jpg 500w\" sizes=\"auto, (max-width: 300px) 100vw, 300px\" \/><\/p>\n<p><strong><em>Resumo da novela \u201cMeu Cora\u00e7\u00e3o \u00e9 Teu\u201d<\/em><\/strong> em 13\/02: no cap\u00edtulo 074(*) da novela, quinta-feira, 13 de fevereiro, Leon pede um empr\u00e9stimo a Fernando para quitar suas d\u00edvidas. Edith comenta com Fanny que L\u00eanin mudou radicalmente. Alicia recebe convite de um amigo cibern\u00e9tico, Briana a aconselha a aceitar, porque o `amigo` \u00e9 maravilhoso. Isabela fica furiosa quando o advogado diz que Fernando quer que ela deixe a mans\u00e3o. Yolanda tenta acalm\u00e1-la. Manuela sai da mans\u00e3o sem se despedir das crian\u00e7as, Bruno tenta convenc\u00ea-la a n\u00e3o ir, mais ela est\u00e1 irredut\u00edvel e todos ficam muito tristes. Henrique oferece novamente a vice-presid\u00eancia a Isabela.<\/p>\n<p>Edith mostra interesse por Nando e Fanny ca\u00e7oa dela. Compram pizzas para o jantar das crian\u00e7as e Fernando aproveita para inform\u00e1-los que Manuela foi embora, que ele se despediu da empresa e que Isabela sair\u00e1 da mans\u00e3o. Nando fala com a m\u00e3e de Helena sobre a decis\u00e3o de mand\u00e1-la para fora do pa\u00eds e eles entram em acordo que isso ser\u00e1 o melhor para ela. Leon conta para a m\u00e3e sobre sua nova fun\u00e7\u00e3o na empresa e ela n\u00e3o concorda que ele trabalhe com Henrique. Leon segue tentando reconquistar Fanny. Diego procura Nat\u00e1lia e eles se beijam. Diego manda uma foto de Soledade para Ana e ela fica extremamente feliz, Fernando e as crian\u00e7as tamb\u00e9m se alegram por ela.<\/p>\n<p>Fernando confessa a Bruno que a empresa \u00e9 sua vida, mas que agora a \u00faltima coisa que precisa seria de um esc\u00e2ndalo. Edith e Nando t\u00eam uma discuss\u00e3o acalorada sobre sociologia e ele se impressiona com o conhecimento dela. Nicolas est\u00e1 se recuperando no hospital e diz a Jennifer que a rela\u00e7\u00e3o deles n\u00e3o pode seguir, pois, ele j\u00e1 \u00e9 um velho e nunca poderia lhe dar filhos, ela chora porque o ama. Fernando agradece por tudo que Jennifer tem feito por seu pai. Natalia v\u00ea a mensagem onde Ana agradece e se desculpa com Diego. Isabela tem pesadelos quanto a sua sa\u00edda da mans\u00e3o, ela acorda e se sente totalmente derrotada e fracassada. Johnny confessa a uma enfermeira que est\u00e1 apaixonado por Jennifer. Quando Ana decide dormir, entra Luz, Nando, Fanny, Fernando e Bruno para falarem com ela. Cada um tem um assunto diferente, Ana brinca dizendo que atender\u00e1 a todos, mas separados por turnos.<\/p>\n<p>Fernando comenta com Ana que descobriu que Alicia tem um perfil em um site da internet, para conhecer garotos, e que existe um universit\u00e1rio que deseja conhec\u00ea-la. Ele pede a Ana que explique a ela os perigos desses encontros. Bruno se sente mal por ter `machucado` Manuela. Nando fica triste por que Helena vai para o exterior. Ana mostra \u00e0s crian\u00e7as fotos de sua m\u00e3e e todos ficam felizes por ela. Diego prop\u00f5e a Nat\u00e1lia que viagem juntos para buscarem novas aventuras, mas ela diz que n\u00e3o deseja ir com ele apenas como sua amante e s\u00f3 iria se tivessem um compromisso mais s\u00e9rio. Fernando pede a Ana outra oportunidade, mas Ana diz que vai demorar para que seu cora\u00e7\u00e3o esteja inteiro novamente. Ele diz que lutar\u00e1 por ela. Alicia fica muito nervosa ao saber que o pai descobriu seu perfil na internet. Fanny fica confusa com a atitude rom\u00e2ntica de L\u00eanin. Isabela se despede de Fernando porque ir\u00e1 embora da mans\u00e3o, antes de ir, Isabela jura a Ana que ir\u00e1 se vingar dela.<\/p>\n<p>(*) edi\u00e7\u00e3o do SBT, Novela \u201cMeu Cora\u00e7\u00e3o \u00e9 Teu\u201d, sujeito a altera\u00e7\u00e3o de data e conte\u00fado.<\/p>\n<p>Novela \u201cMeu Cora\u00e7\u00e3o \u00e9 Teu\u201d: Ana Leal \u00e9 uma mulher alegre e otimista. Um desastre destr\u00f3i sua casa e Ana perde tudo o que tem. Fernando Lascur\u00e1in, um prestigiado empres\u00e1rio que se lembra com tristeza que h\u00e1 um ano morreu sua esposa. Fernando \u00e9 o pai de sete filhos: Fanny de 19 anos, Nando de 17 anos, Alicia de 14 anos, Sebasti\u00e3o de 11 anos, os g\u00eameos Alex e Guille de 8 anos e a pequena Luz de 4 anos. Estes sete \u201cpequenos\u201d se encarregaram de fazer a vida de dezenas de bab\u00e1s imposs\u00edvel, mas Fernando precisa urgentemente de uma bab\u00e1 que cuide de seus filhos.<\/p>\n<p>As necessidades e a vontade de se superar, levam Ana a buscar outro trabalho. Sua falta de experi\u00eancia, e sua educa\u00e7\u00e3o prec\u00e1ria complicam o processo de ela encontrar um trabalho est\u00e1vel. Mas o destino tem algo preparado a ela: por uma confus\u00e3o, Ana termina chegando \u00e0 mans\u00e3o Lascur\u00e1in sem saber que l\u00e1 encontrar\u00e1 tudo o que sempre sonhou.<\/p>\n","protected":false},"excerpt":{"rendered":"<p>Resumo da novela \u201cMeu Cora\u00e7\u00e3o \u00e9 Teu\u201d em 13\/02: no cap\u00edtulo 074(*) da novela, quinta-feira, 13 de fevereiro, Leon pede um empr\u00e9stimo a Fernando para quitar suas d\u00edvidas. Edith comenta com Fanny que L\u00eanin mudou radicalmente. Alicia recebe convite de um amigo cibern\u00e9tico, Briana a aconselha a aceitar, porque o `amigo` \u00e9 maravilhoso. Isabela fica [&hellip;]<\/p>\n","protected":false},"author":4,"featured_media":183928,"comment_status":"open","ping_status":"closed","sticky":false,"template":"","format":"standard","meta":{"tdm_status":"","tdm_grid_status":"","footnotes":""},"categories":[379,372,343],"tags":[441],"class_list":{"0":"post-188690","1":"post","2":"type-post","3":"status-publish","4":"format-standard","5":"has-post-thumbnail","7":"category-novelas","8":"category-sbt","9":"category-televisao","10":"tag-resumo-do-dia"},"_links":{"self":[{"href":"https:\/\/migracao.redenoticia.com.br\/noticia\/wp-json\/wp\/v2\/posts\/188690","targetHints":{"allow":["GET"]}}],"collection":[{"href":"https:\/\/migracao.redenoticia.com.br\/noticia\/wp-json\/wp\/v2\/posts"}],"about":[{"href":"https:\/\/migracao.redenoticia.com.br\/noticia\/wp-json\/wp\/v2\/types\/post"}],"author":[{"embeddable":true,"href":"https:\/\/migracao.redenoticia.com.br\/noticia\/wp-json\/wp\/v2\/users\/4"}],"replies":[{"embeddable":true,"href":"https:\/\/migracao.redenoticia.com.br\/noticia\/wp-json\/wp\/v2\/comments?post=188690"}],"version-history":[{"count":0,"href":"https:\/\/migracao.redenoticia.com.br\/noticia\/wp-json\/wp\/v2\/posts\/188690\/revisions"}],"wp:featuredmedia":[{"embeddable":true,"href":"https:\/\/migracao.redenoticia.com.br\/noticia\/wp-json\/wp\/v2\/media\/183928"}],"wp:attachment":[{"href":"https:\/\/migracao.redenoticia.com.br\/noticia\/wp-json\/wp\/v2\/media?parent=188690"}],"wp:term":[{"taxonomy":"category","embeddable":true,"href":"https:\/\/migracao.redenoticia.com.br\/noticia\/wp-json\/wp\/v2\/categories?post=188690"},{"taxonomy":"post_tag","embeddable":true,"href":"https:\/\/migracao.redenoticia.com.br\/noticia\/wp-json\/wp\/v2\/tags?post=188690"}],"curies":[{"name":"wp","href":"https:\/\/api.w.org\/{rel}","templated":true}]}}